{"id":142,"date":"2025-02-13T11:07:37","date_gmt":"2025-02-13T11:07:37","guid":{"rendered":"https:\/\/startinantreprenoriatsocial.ro\/?p=142"},"modified":"2025-02-13T11:07:37","modified_gmt":"2025-02-13T11:07:37","slug":"egalitatea-de-sanse-si-nediscriminarea-in-antreprenoriatul-social","status":"publish","type":"post","link":"http:\/\/startinantreprenoriatsocial.ro\/index.php\/2025\/02\/13\/egalitatea-de-sanse-si-nediscriminarea-in-antreprenoriatul-social\/","title":{"rendered":"Egalitatea de \u0219anse \u0219i nediscriminarea \u00een antreprenoriatul social"},"content":{"rendered":"<p><span style=\"font-weight: 400;\">Egalitatea de \u0219anse \u0219i nediscriminarea sunt fundamente esen\u021biale ale unei societ\u0103\u021bi echitabile, iar antreprenoriatul social ofer\u0103 un cadru ideal pentru implementarea acestor principii. \u00cen cadrul proiectului <\/span><i><span style=\"font-weight: 400;\">Start \u00cen Antreprenoriat Social<\/span><\/i><span style=\"font-weight: 400;\">, aceste valori sunt promovate activ, asigur\u00e2nd accesul tuturor la oportunit\u0103\u021bile economice \u0219i sociale, indiferent de gen, v\u00e2rst\u0103, dizabilitate, etnie sau statut socio-economic.<\/span><\/p>\n<p><!--more--><\/p>\n<h1><a href=\"https:\/\/startinantreprenoriatsocial.ro\/index.php\/inscriere-in-proiect\/\">\u00censcrie-te \u0219i tu cu planul t\u0103u de afaceri \u0219i po\u021bi c\u00e2\u0219tiga finan\u021bare nerambursabil\u0103!<\/a><\/h1>\n<h3><b>Antreprenoriatul social ca motor al incluziunii<\/b><\/h3>\n<p><span style=\"font-weight: 400;\">Antreprenoriatul social nu este doar o form\u0103 de afacere, ci un instrument de schimbare social\u0103. Prin modelul s\u0103u, acesta urm\u0103re\u0219te nu doar ob\u021binerea profitului, ci \u0219i solu\u021bionarea unor probleme sociale. \u00cen acest context, egalitatea de \u0219anse devine un element esen\u021bial, oferind acces echitabil la resurse \u0219i oportunit\u0103\u021bi pentru to\u021bi cei care vor s\u0103 dezvolte ini\u021biative sustenabile.<\/span><\/p>\n<p><span style=\"font-weight: 400;\">Proiectul <\/span><i><span style=\"font-weight: 400;\">Start \u00cen Antreprenoriat Social<\/span><\/i><span style=\"font-weight: 400;\"> \u00ee\u0219i propune s\u0103 sprijine persoanele care se confrunt\u0103 cu dificult\u0103\u021bi \u00een integrarea pe pia\u021ba muncii, oferindu-le instrumentele necesare pentru a-\u0219i crea propriile afaceri sociale. Prin acest demers, se reduce riscul excluziunii sociale \u0219i se creeaz\u0103 un mediu economic mai incluziv. Mai mult, aceste ini\u021biative au un impact direct asupra comunit\u0103\u021bilor locale, gener\u00e2nd locuri de munc\u0103 \u0219i solu\u021bii eficiente pentru diverse probleme sociale.<\/span><\/p>\n<h3><b>Beneficiile egalit\u0103\u021bii de \u0219anse \u00een afacerile sociale<\/b><\/h3>\n<ul>\n<li style=\"font-weight: 400;\" aria-level=\"1\"><b>Diversitate \u0219i inova\u021bie<\/b><span style=\"font-weight: 400;\"> \u2013 Un mediu de afaceri incluziv, care \u00eencurajeaz\u0103 participarea persoanelor din medii diverse, conduce la solu\u021bii inovatoare \u0219i la o mai bun\u0103 adaptare la nevoile societ\u0103\u021bii.<\/span><\/li>\n<li style=\"font-weight: 400;\" aria-level=\"1\"><b>Dezvoltare economic\u0103 sustenabil\u0103<\/b><span style=\"font-weight: 400;\"> \u2013 C\u00e2nd to\u021bi au \u0219anse egale de a participa activ la economie, se creeaz\u0103 un sistem mai stabil \u0219i mai prosper.<\/span><\/li>\n<li style=\"font-weight: 400;\" aria-level=\"1\"><b>Cre\u0219terea coeziunii sociale<\/b><span style=\"font-weight: 400;\"> \u2013 Antreprenoriatul social bazat pe nediscriminare contribuie la reducerea inegalit\u0103\u021bilor \u0219i la construirea unor comunit\u0103\u021bi mai unite.<\/span><\/li>\n<li style=\"font-weight: 400;\" aria-level=\"1\"><b>Acces egal la resurse<\/b><span style=\"font-weight: 400;\"> \u2013 Prin programe de sprijin, finan\u021bare \u0219i mentorat, se asigur\u0103 c\u0103 to\u021bi cei interesa\u021bi pot avea \u0219ansa s\u0103 \u00ee\u0219i dezvolte ideile \u0219i afacerile.<\/span><\/li>\n<\/ul>\n<p><span style=\"font-weight: 400;\">Prin ini\u021biative precum <\/span><i><span style=\"font-weight: 400;\">Start \u00cen Antreprenoriat Social<\/span><\/i><span style=\"font-weight: 400;\">, egalitatea de \u0219anse devine o realitate concret\u0103, iar nediscriminarea se transform\u0103 \u00eentr-un standard al dezvolt\u0103rii economice durabile.<\/span><\/p>\n<h1><a href=\"https:\/\/startinantreprenoriatsocial.ro\/index.php\/inscriere-in-proiect\/\">\u00censcrie-te \u0219i tu cu planul t\u0103u de afaceri \u0219i po\u021bi c\u00e2\u0219tiga finan\u021bare nerambursabil\u0103!<\/a><\/h1>\n","protected":false},"excerpt":{"rendered":"<p>Egalitatea de \u0219anse \u0219i nediscriminarea sunt fundamente esen\u021biale ale unei societ\u0103\u021bi echitabile, iar antreprenoriatul social ofer\u0103 un cadru ideal pentru implementarea acestor principii. \u00cen cadrul proiectului Start \u00cen Antreprenoriat Social, aceste valori sunt promovate activ, asigur\u00e2nd accesul tuturor la oportunit\u0103\u021bile economice \u0219i sociale, indiferent de gen, v\u00e2rst\u0103, dizabilitate, etnie sau statut socio-economic.<\/p>\n","protected":false},"author":2,"featured_media":143,"comment_status":"open","ping_status":"open","sticky":false,"template":"","format":"standard","meta":{"footnotes":""},"categories":[5,6],"tags":[],"class_list":["post-142","post","type-post","status-publish","format-standard","has-post-thumbnail","hentry","category-articole","category-noutati","grid-sizer"],"yoast_head":"<!-- This site is optimized with the Yoast SEO plugin v23.3 - https:\/\/yoast.com\/wordpress\/plugins\/seo\/ -->\n<title>Egalitatea de \u0219anse \u0219i nediscriminarea \u00een antreprenoriatul social - Proiect: Start \u00een Antreprenoriatul Social<\/title>\n<meta name=\"robots\" content=\"index, follow, max-snippet:-1, max-image-preview:large, max-video-preview:-1\" \/>\n<link rel=\"canonical\" href=\"https:\/\/startinantreprenoriatsocial.ro\/index.php\/2025\/02\/13\/egalitatea-de-sanse-si-nediscriminarea-in-antreprenoriatul-social\/\" \/>\n<meta property=\"og:locale\" content=\"ro_RO\" \/>\n<meta property=\"og:type\" content=\"article\" \/>\n<meta property=\"og:title\" content=\"Egalitatea de \u0219anse \u0219i nediscriminarea \u00een antreprenoriatul social - Proiect: Start \u00een Antreprenoriatul Social\" \/>\n<meta property=\"og:description\" content=\"Egalitatea de \u0219anse \u0219i nediscriminarea sunt fundamente esen\u021biale ale unei societ\u0103\u021bi echitabile, iar antreprenoriatul social ofer\u0103 un cadru ideal pentru implementarea acestor principii. \u00cen cadrul proiectului Start \u00cen Antreprenoriat Social, aceste valori sunt promovate activ, asigur\u00e2nd accesul tuturor la oportunit\u0103\u021bile economice \u0219i sociale, indiferent de gen, v\u00e2rst\u0103, dizabilitate, etnie sau statut socio-economic.\" \/>\n<meta property=\"og:url\" content=\"https:\/\/startinantreprenoriatsocial.ro\/index.php\/2025\/02\/13\/egalitatea-de-sanse-si-nediscriminarea-in-antreprenoriatul-social\/\" \/>\n<meta property=\"og:site_name\" content=\"Proiect: Start \u00een Antreprenoriatul Social\" \/>\n<meta property=\"article:publisher\" content=\"https:\/\/www.facebook.com\/StartInAntreprenoriatulSocial\" \/>\n<meta property=\"article:published_time\" content=\"2025-02-13T11:07:37+00:00\" \/>\n<meta property=\"og:image\" content=\"https:\/\/startinantreprenoriatsocial.ro\/wp-content\/uploads\/2025\/02\/clay-banks-LjqARJaJotc-unsplash.jpg\" \/>\n\t<meta property=\"og:image:width\" content=\"1920\" \/>\n\t<meta property=\"og:image:height\" content=\"1440\" \/>\n\t<meta property=\"og:image:type\" content=\"image\/jpeg\" \/>\n<meta name=\"author\" content=\"teo\" \/>\n<meta name=\"twitter:card\" content=\"summary_large_image\" \/>\n<meta name=\"twitter:label1\" content=\"Scris de\" \/>\n\t<meta name=\"twitter:data1\" content=\"teo\" \/>\n\t<meta name=\"twitter:label2\" content=\"Timp estimat pentru citire\" \/>\n\t<meta name=\"twitter:data2\" content=\"3 minute\" \/>\n<script type=\"application\/ld+json\" class=\"yoast-schema-graph\">{\"@context\":\"https:\/\/schema.org\",\"@graph\":[{\"@type\":\"Article\",\"@id\":\"https:\/\/startinantreprenoriatsocial.ro\/index.php\/2025\/02\/13\/egalitatea-de-sanse-si-nediscriminarea-in-antreprenoriatul-social\/#article\",\"isPartOf\":{\"@id\":\"https:\/\/startinantreprenoriatsocial.ro\/index.php\/2025\/02\/13\/egalitatea-de-sanse-si-nediscriminarea-in-antreprenoriatul-social\/\"},\"author\":{\"name\":\"teo\",\"@id\":\"https:\/\/startinantreprenoriatsocial.ro\/#\/schema\/person\/3ae739576c596cc2e130d680636e0dc6\"},\"headline\":\"Egalitatea de \u0219anse \u0219i nediscriminarea \u00een antreprenoriatul social\",\"datePublished\":\"2025-02-13T11:07:37+00:00\",\"dateModified\":\"2025-02-13T11:07:37+00:00\",\"mainEntityOfPage\":{\"@id\":\"https:\/\/startinantreprenoriatsocial.ro\/index.php\/2025\/02\/13\/egalitatea-de-sanse-si-nediscriminarea-in-antreprenoriatul-social\/\"},\"wordCount\":385,\"commentCount\":0,\"publisher\":{\"@id\":\"https:\/\/startinantreprenoriatsocial.ro\/#organization\"},\"image\":{\"@id\":\"https:\/\/startinantreprenoriatsocial.ro\/index.php\/2025\/02\/13\/egalitatea-de-sanse-si-nediscriminarea-in-antreprenoriatul-social\/#primaryimage\"},\"thumbnailUrl\":\"http:\/\/startinantreprenoriatsocial.ro\/wp-content\/uploads\/2025\/02\/clay-banks-LjqARJaJotc-unsplash.jpg\",\"articleSection\":[\"Articole\",\"Noutati\"],\"inLanguage\":\"ro-RO\",\"potentialAction\":[{\"@type\":\"CommentAction\",\"name\":\"Comment\",\"target\":[\"https:\/\/startinantreprenoriatsocial.ro\/index.php\/2025\/02\/13\/egalitatea-de-sanse-si-nediscriminarea-in-antreprenoriatul-social\/#respond\"]}]},{\"@type\":\"WebPage\",\"@id\":\"https:\/\/startinantreprenoriatsocial.ro\/index.php\/2025\/02\/13\/egalitatea-de-sanse-si-nediscriminarea-in-antreprenoriatul-social\/\",\"url\":\"https:\/\/startinantreprenoriatsocial.ro\/index.php\/2025\/02\/13\/egalitatea-de-sanse-si-nediscriminarea-in-antreprenoriatul-social\/\",\"name\":\"Egalitatea de \u0219anse \u0219i nediscriminarea \u00een antreprenoriatul social - Proiect: Start \u00een Antreprenoriatul Social\",\"isPartOf\":{\"@id\":\"https:\/\/startinantreprenoriatsocial.ro\/#website\"},\"primaryImageOfPage\":{\"@id\":\"https:\/\/startinantreprenoriatsocial.ro\/index.php\/2025\/02\/13\/egalitatea-de-sanse-si-nediscriminarea-in-antreprenoriatul-social\/#primaryimage\"},\"image\":{\"@id\":\"https:\/\/startinantreprenoriatsocial.ro\/index.php\/2025\/02\/13\/egalitatea-de-sanse-si-nediscriminarea-in-antreprenoriatul-social\/#primaryimage\"},\"thumbnailUrl\":\"http:\/\/startinantreprenoriatsocial.ro\/wp-content\/uploads\/2025\/02\/clay-banks-LjqARJaJotc-unsplash.jpg\",\"datePublished\":\"2025-02-13T11:07:37+00:00\",\"dateModified\":\"2025-02-13T11:07:37+00:00\",\"breadcrumb\":{\"@id\":\"https:\/\/startinantreprenoriatsocial.ro\/index.php\/2025\/02\/13\/egalitatea-de-sanse-si-nediscriminarea-in-antreprenoriatul-social\/#breadcrumb\"},\"inLanguage\":\"ro-RO\",\"potentialAction\":[{\"@type\":\"ReadAction\",\"target\":[\"https:\/\/startinantreprenoriatsocial.ro\/index.php\/2025\/02\/13\/egalitatea-de-sanse-si-nediscriminarea-in-antreprenoriatul-social\/\"]}]},{\"@type\":\"ImageObject\",\"inLanguage\":\"ro-RO\",\"@id\":\"https:\/\/startinantreprenoriatsocial.ro\/index.php\/2025\/02\/13\/egalitatea-de-sanse-si-nediscriminarea-in-antreprenoriatul-social\/#primaryimage\",\"url\":\"http:\/\/startinantreprenoriatsocial.ro\/wp-content\/uploads\/2025\/02\/clay-banks-LjqARJaJotc-unsplash.jpg\",\"contentUrl\":\"http:\/\/startinantreprenoriatsocial.ro\/wp-content\/uploads\/2025\/02\/clay-banks-LjqARJaJotc-unsplash.jpg\",\"width\":1920,\"height\":1440},{\"@type\":\"BreadcrumbList\",\"@id\":\"https:\/\/startinantreprenoriatsocial.ro\/index.php\/2025\/02\/13\/egalitatea-de-sanse-si-nediscriminarea-in-antreprenoriatul-social\/#breadcrumb\",\"itemListElement\":[{\"@type\":\"ListItem\",\"position\":1,\"name\":\"Prima pagin\u0103\",\"item\":\"https:\/\/startinantreprenoriatsocial.ro\/\"},{\"@type\":\"ListItem\",\"position\":2,\"name\":\"Egalitatea de \u0219anse \u0219i nediscriminarea \u00een antreprenoriatul social\"}]},{\"@type\":\"WebSite\",\"@id\":\"https:\/\/startinantreprenoriatsocial.ro\/#website\",\"url\":\"https:\/\/startinantreprenoriatsocial.ro\/\",\"name\":\"Proiect: Start \u00een Antreprenoriatul Social\",\"description\":\"\",\"publisher\":{\"@id\":\"https:\/\/startinantreprenoriatsocial.ro\/#organization\"},\"potentialAction\":[{\"@type\":\"SearchAction\",\"target\":{\"@type\":\"EntryPoint\",\"urlTemplate\":\"https:\/\/startinantreprenoriatsocial.ro\/?s={search_term_string}\"},\"query-input\":\"required name=search_term_string\"}],\"inLanguage\":\"ro-RO\"},{\"@type\":\"Organization\",\"@id\":\"https:\/\/startinantreprenoriatsocial.ro\/#organization\",\"name\":\"Proiect: Start \u00een Antreprenoriatul Social\",\"url\":\"https:\/\/startinantreprenoriatsocial.ro\/\",\"logo\":{\"@type\":\"ImageObject\",\"inLanguage\":\"ro-RO\",\"@id\":\"https:\/\/startinantreprenoriatsocial.ro\/#\/schema\/logo\/image\/\",\"url\":\"https:\/\/startinantreprenoriatsocial.ro\/wp-content\/uploads\/2024\/08\/logostart.jpg\",\"contentUrl\":\"https:\/\/startinantreprenoriatsocial.ro\/wp-content\/uploads\/2024\/08\/logostart.jpg\",\"width\":851,\"height\":851,\"caption\":\"Proiect: Start \u00een Antreprenoriatul Social\"},\"image\":{\"@id\":\"https:\/\/startinantreprenoriatsocial.ro\/#\/schema\/logo\/image\/\"},\"sameAs\":[\"https:\/\/www.facebook.com\/StartInAntreprenoriatulSocial\",\"https:\/\/www.instagram.com\/startinantrepren\/\",\"https:\/\/www.youtube.com\/@StartnAntreprenoriatulSocial\",\"https:\/\/www.tiktok.com\/@startantreprenorsocial\"]},{\"@type\":\"Person\",\"@id\":\"https:\/\/startinantreprenoriatsocial.ro\/#\/schema\/person\/3ae739576c596cc2e130d680636e0dc6\",\"name\":\"teo\",\"image\":{\"@type\":\"ImageObject\",\"inLanguage\":\"ro-RO\",\"@id\":\"https:\/\/startinantreprenoriatsocial.ro\/#\/schema\/person\/image\/\",\"url\":\"https:\/\/secure.gravatar.com\/avatar\/aa2c7d9181b49e1e9443995844cf5cdc0c2b8d2b3af59cd6ada8bcf5d003d76d?s=96&d=mm&r=g\",\"contentUrl\":\"https:\/\/secure.gravatar.com\/avatar\/aa2c7d9181b49e1e9443995844cf5cdc0c2b8d2b3af59cd6ada8bcf5d003d76d?s=96&d=mm&r=g\",\"caption\":\"teo\"},\"url\":\"http:\/\/startinantreprenoriatsocial.ro\/index.php\/author\/teo\/\"}]}<\/script>\n<!-- \/ Yoast SEO plugin. -->","yoast_head_json":{"title":"Egalitatea de \u0219anse \u0219i nediscriminarea \u00een antreprenoriatul social - Proiect: Start \u00een Antreprenoriatul Social","robots":{"index":"index","follow":"follow","max-snippet":"max-snippet:-1","max-image-preview":"max-image-preview:large","max-video-preview":"max-video-preview:-1"},"canonical":"https:\/\/startinantreprenoriatsocial.ro\/index.php\/2025\/02\/13\/egalitatea-de-sanse-si-nediscriminarea-in-antreprenoriatul-social\/","og_locale":"ro_RO","og_type":"article","og_title":"Egalitatea de \u0219anse \u0219i nediscriminarea \u00een antreprenoriatul social - Proiect: Start \u00een Antreprenoriatul Social","og_description":"Egalitatea de \u0219anse \u0219i nediscriminarea sunt fundamente esen\u021biale ale unei societ\u0103\u021bi echitabile, iar antreprenoriatul social ofer\u0103 un cadru ideal pentru implementarea acestor principii. \u00cen cadrul proiectului Start \u00cen Antreprenoriat Social, aceste valori sunt promovate activ, asigur\u00e2nd accesul tuturor la oportunit\u0103\u021bile economice \u0219i sociale, indiferent de gen, v\u00e2rst\u0103, dizabilitate, etnie sau statut socio-economic.","og_url":"https:\/\/startinantreprenoriatsocial.ro\/index.php\/2025\/02\/13\/egalitatea-de-sanse-si-nediscriminarea-in-antreprenoriatul-social\/","og_site_name":"Proiect: Start \u00een Antreprenoriatul Social","article_publisher":"https:\/\/www.facebook.com\/StartInAntreprenoriatulSocial","article_published_time":"2025-02-13T11:07:37+00:00","og_image":[{"width":1920,"height":1440,"url":"https:\/\/startinantreprenoriatsocial.ro\/wp-content\/uploads\/2025\/02\/clay-banks-LjqARJaJotc-unsplash.jpg","type":"image\/jpeg"}],"author":"teo","twitter_card":"summary_large_image","twitter_misc":{"Scris de":"teo","Timp estimat pentru citire":"3 minute"},"schema":{"@context":"https:\/\/schema.org","@graph":[{"@type":"Article","@id":"https:\/\/startinantreprenoriatsocial.ro\/index.php\/2025\/02\/13\/egalitatea-de-sanse-si-nediscriminarea-in-antreprenoriatul-social\/#article","isPartOf":{"@id":"https:\/\/startinantreprenoriatsocial.ro\/index.php\/2025\/02\/13\/egalitatea-de-sanse-si-nediscriminarea-in-antreprenoriatul-social\/"},"author":{"name":"teo","@id":"https:\/\/startinantreprenoriatsocial.ro\/#\/schema\/person\/3ae739576c596cc2e130d680636e0dc6"},"headline":"Egalitatea de \u0219anse \u0219i nediscriminarea \u00een antreprenoriatul social","datePublished":"2025-02-13T11:07:37+00:00","dateModified":"2025-02-13T11:07:37+00:00","mainEntityOfPage":{"@id":"https:\/\/startinantreprenoriatsocial.ro\/index.php\/2025\/02\/13\/egalitatea-de-sanse-si-nediscriminarea-in-antreprenoriatul-social\/"},"wordCount":385,"commentCount":0,"publisher":{"@id":"https:\/\/startinantreprenoriatsocial.ro\/#organization"},"image":{"@id":"https:\/\/startinantreprenoriatsocial.ro\/index.php\/2025\/02\/13\/egalitatea-de-sanse-si-nediscriminarea-in-antreprenoriatul-social\/#primaryimage"},"thumbnailUrl":"http:\/\/startinantreprenoriatsocial.ro\/wp-content\/uploads\/2025\/02\/clay-banks-LjqARJaJotc-unsplash.jpg","articleSection":["Articole","Noutati"],"inLanguage":"ro-RO","potentialAction":[{"@type":"CommentAction","name":"Comment","target":["https:\/\/startinantreprenoriatsocial.ro\/index.php\/2025\/02\/13\/egalitatea-de-sanse-si-nediscriminarea-in-antreprenoriatul-social\/#respond"]}]},{"@type":"WebPage","@id":"https:\/\/startinantreprenoriatsocial.ro\/index.php\/2025\/02\/13\/egalitatea-de-sanse-si-nediscriminarea-in-antreprenoriatul-social\/","url":"https:\/\/startinantreprenoriatsocial.ro\/index.php\/2025\/02\/13\/egalitatea-de-sanse-si-nediscriminarea-in-antreprenoriatul-social\/","name":"Egalitatea de \u0219anse \u0219i nediscriminarea \u00een antreprenoriatul social - Proiect: Start \u00een Antreprenoriatul Social","isPartOf":{"@id":"https:\/\/startinantreprenoriatsocial.ro\/#website"},"primaryImageOfPage":{"@id":"https:\/\/startinantreprenoriatsocial.ro\/index.php\/2025\/02\/13\/egalitatea-de-sanse-si-nediscriminarea-in-antreprenoriatul-social\/#primaryimage"},"image":{"@id":"https:\/\/startinantreprenoriatsocial.ro\/index.php\/2025\/02\/13\/egalitatea-de-sanse-si-nediscriminarea-in-antreprenoriatul-social\/#primaryimage"},"thumbnailUrl":"http:\/\/startinantreprenoriatsocial.ro\/wp-content\/uploads\/2025\/02\/clay-banks-LjqARJaJotc-unsplash.jpg","datePublished":"2025-02-13T11:07:37+00:00","dateModified":"2025-02-13T11:07:37+00:00","breadcrumb":{"@id":"https:\/\/startinantreprenoriatsocial.ro\/index.php\/2025\/02\/13\/egalitatea-de-sanse-si-nediscriminarea-in-antreprenoriatul-social\/#breadcrumb"},"inLanguage":"ro-RO","potentialAction":[{"@type":"ReadAction","target":["https:\/\/startinantreprenoriatsocial.ro\/index.php\/2025\/02\/13\/egalitatea-de-sanse-si-nediscriminarea-in-antreprenoriatul-social\/"]}]},{"@type":"ImageObject","inLanguage":"ro-RO","@id":"https:\/\/startinantreprenoriatsocial.ro\/index.php\/2025\/02\/13\/egalitatea-de-sanse-si-nediscriminarea-in-antreprenoriatul-social\/#primaryimage","url":"http:\/\/startinantreprenoriatsocial.ro\/wp-content\/uploads\/2025\/02\/clay-banks-LjqARJaJotc-unsplash.jpg","contentUrl":"http:\/\/startinantreprenoriatsocial.ro\/wp-content\/uploads\/2025\/02\/clay-banks-LjqARJaJotc-unsplash.jpg","width":1920,"height":1440},{"@type":"BreadcrumbList","@id":"https:\/\/startinantreprenoriatsocial.ro\/index.php\/2025\/02\/13\/egalitatea-de-sanse-si-nediscriminarea-in-antreprenoriatul-social\/#breadcrumb","itemListElement":[{"@type":"ListItem","position":1,"name":"Prima pagin\u0103","item":"https:\/\/startinantreprenoriatsocial.ro\/"},{"@type":"ListItem","position":2,"name":"Egalitatea de \u0219anse \u0219i nediscriminarea \u00een antreprenoriatul social"}]},{"@type":"WebSite","@id":"https:\/\/startinantreprenoriatsocial.ro\/#website","url":"https:\/\/startinantreprenoriatsocial.ro\/","name":"Proiect: Start \u00een Antreprenoriatul Social","description":"","publisher":{"@id":"https:\/\/startinantreprenoriatsocial.ro\/#organization"},"potentialAction":[{"@type":"SearchAction","target":{"@type":"EntryPoint","urlTemplate":"https:\/\/startinantreprenoriatsocial.ro\/?s={search_term_string}"},"query-input":"required name=search_term_string"}],"inLanguage":"ro-RO"},{"@type":"Organization","@id":"https:\/\/startinantreprenoriatsocial.ro\/#organization","name":"Proiect: Start \u00een Antreprenoriatul Social","url":"https:\/\/startinantreprenoriatsocial.ro\/","logo":{"@type":"ImageObject","inLanguage":"ro-RO","@id":"https:\/\/startinantreprenoriatsocial.ro\/#\/schema\/logo\/image\/","url":"https:\/\/startinantreprenoriatsocial.ro\/wp-content\/uploads\/2024\/08\/logostart.jpg","contentUrl":"https:\/\/startinantreprenoriatsocial.ro\/wp-content\/uploads\/2024\/08\/logostart.jpg","width":851,"height":851,"caption":"Proiect: Start \u00een Antreprenoriatul Social"},"image":{"@id":"https:\/\/startinantreprenoriatsocial.ro\/#\/schema\/logo\/image\/"},"sameAs":["https:\/\/www.facebook.com\/StartInAntreprenoriatulSocial","https:\/\/www.instagram.com\/startinantrepren\/","https:\/\/www.youtube.com\/@StartnAntreprenoriatulSocial","https:\/\/www.tiktok.com\/@startantreprenorsocial"]},{"@type":"Person","@id":"https:\/\/startinantreprenoriatsocial.ro\/#\/schema\/person\/3ae739576c596cc2e130d680636e0dc6","name":"teo","image":{"@type":"ImageObject","inLanguage":"ro-RO","@id":"https:\/\/startinantreprenoriatsocial.ro\/#\/schema\/person\/image\/","url":"https:\/\/secure.gravatar.com\/avatar\/aa2c7d9181b49e1e9443995844cf5cdc0c2b8d2b3af59cd6ada8bcf5d003d76d?s=96&d=mm&r=g","contentUrl":"https:\/\/secure.gravatar.com\/avatar\/aa2c7d9181b49e1e9443995844cf5cdc0c2b8d2b3af59cd6ada8bcf5d003d76d?s=96&d=mm&r=g","caption":"teo"},"url":"http:\/\/startinantreprenoriatsocial.ro\/index.php\/author\/teo\/"}]}},"_links":{"self":[{"href":"http:\/\/startinantreprenoriatsocial.ro\/index.php\/wp-json\/wp\/v2\/posts\/142","targetHints":{"allow":["GET"]}}],"collection":[{"href":"http:\/\/startinantreprenoriatsocial.ro\/index.php\/wp-json\/wp\/v2\/posts"}],"about":[{"href":"http:\/\/startinantreprenoriatsocial.ro\/index.php\/wp-json\/wp\/v2\/types\/post"}],"author":[{"embeddable":true,"href":"http:\/\/startinantreprenoriatsocial.ro\/index.php\/wp-json\/wp\/v2\/users\/2"}],"replies":[{"embeddable":true,"href":"http:\/\/startinantreprenoriatsocial.ro\/index.php\/wp-json\/wp\/v2\/comments?post=142"}],"version-history":[{"count":1,"href":"http:\/\/startinantreprenoriatsocial.ro\/index.php\/wp-json\/wp\/v2\/posts\/142\/revisions"}],"predecessor-version":[{"id":144,"href":"http:\/\/startinantreprenoriatsocial.ro\/index.php\/wp-json\/wp\/v2\/posts\/142\/revisions\/144"}],"wp:featuredmedia":[{"embeddable":true,"href":"http:\/\/startinantreprenoriatsocial.ro\/index.php\/wp-json\/wp\/v2\/media\/143"}],"wp:attachment":[{"href":"http:\/\/startinantreprenoriatsocial.ro\/index.php\/wp-json\/wp\/v2\/media?parent=142"}],"wp:term":[{"taxonomy":"category","embeddable":true,"href":"http:\/\/startinantreprenoriatsocial.ro\/index.php\/wp-json\/wp\/v2\/categories?post=142"},{"taxonomy":"post_tag","embeddable":true,"href":"http:\/\/startinantreprenoriatsocial.ro\/index.php\/wp-json\/wp\/v2\/tags?post=142"}],"curies":[{"name":"wp","href":"https:\/\/api.w.org\/{rel}","templated":true}]}}