{"id":145,"date":"2025-02-17T07:00:08","date_gmt":"2025-02-17T07:00:08","guid":{"rendered":"https:\/\/startinantreprenoriatsocial.ro\/?p=145"},"modified":"2025-02-13T11:39:34","modified_gmt":"2025-02-13T11:39:34","slug":"egalitatea-de-gen-ca-motor-al-antreprenoriatului-social","status":"publish","type":"post","link":"http:\/\/startinantreprenoriatsocial.ro\/index.php\/2025\/02\/17\/egalitatea-de-gen-ca-motor-al-antreprenoriatului-social\/","title":{"rendered":"Egalitatea de gen ca motor al Antreprenoriatului Social"},"content":{"rendered":"<p><span style=\"font-weight: 400;\">Egalitatea de gen este un principiu fundamental care trebuie promovat \u00een toate domeniile vie\u021bii sociale \u0219i economice. \u00cen cadrul antreprenoriatului social, acest concept joac\u0103 un rol esen\u021bial, deoarece contribuie la dezvoltarea unor afaceri durabile, incluzive \u0219i capabile s\u0103 genereze schimb\u0103ri pozitive \u00een comunit\u0103\u021bi. Proiectul <\/span><b>Start \u00cen Antreprenoriat Social<\/b><span style=\"font-weight: 400;\"> \u00eencurajeaz\u0103 ini\u021biative care sus\u021bin participarea egal\u0103 a femeilor \u0219i b\u0103rba\u021bilor \u00een economie, recunosc\u00e2nd importan\u021ba acestui echilibru \u00een succesul oric\u0103rui demers antreprenorial.<\/span><\/p>\n<p><!--more--><\/p>\n<h1><a href=\"https:\/\/startinantreprenoriatsocial.ro\/index.php\/inscriere-in-proiect\/\">\u00censcrie-te \u0219i tu cu planul t\u0103u de afaceri \u0219i po\u021bi c\u00e2\u0219tiga finan\u021bare nerambursabil\u0103!<\/a><\/h1>\n<h2><b>Importan\u021ba egalit\u0103\u021bii de gen \u00een Antreprenoriatul Social<\/b><span style=\"font-weight: 400;\">\u00a0<\/span><\/h2>\n<p><span style=\"font-weight: 400;\">Antreprenoriatul social urm\u0103re\u0219te s\u0103 creeze valoare nu doar economic\u0103, ci \u0219i social\u0103, iar implicarea egal\u0103 a femeilor \u0219i b\u0103rba\u021bilor aduce diversitate \u00een luarea deciziilor \u0219i \u00een abordarea problemelor comunit\u0103\u021bii. Studiile arat\u0103 c\u0103 echipele mixte sunt mai inovatoare \u0219i mai eficiente \u00een dezvoltarea solu\u021biilor sustenabile.<\/span><\/p>\n<p><span style=\"font-weight: 400;\">Proiectul <\/span><b>Start \u00cen Antreprenoriat Social<\/b><span style=\"font-weight: 400;\"> sprijin\u0103 ini\u021biativele care promoveaz\u0103 acces egal la resurse, finan\u021bare \u0219i oportunit\u0103\u021bi de dezvoltare pentru femei \u0219i b\u0103rba\u021bi, contribuind astfel la reducerea inegalit\u0103\u021bilor de gen \u00een mediul economic.<\/span><\/p>\n<h2><b>Provoc\u0103ri \u0219i solu\u021bii pentru un antreprenoriat echitabil<\/b><span style=\"font-weight: 400;\">\u00a0<\/span><\/h2>\n<p><span style=\"font-weight: 400;\">Chiar dac\u0103 exist\u0103 progrese \u00een promovarea egalit\u0103\u021bii de gen, femeile antreprenor \u00eent\u00e2mpin\u0103 \u00eenc\u0103 dificult\u0103\u021bi \u00een accesarea finan\u021b\u0103rii, \u00een concilierea vie\u021bii profesionale cu cea personal\u0103 \u0219i \u00een dep\u0103\u0219irea stereotipurilor sociale. Pentru a contracara aceste obstacole, proiectele de antreprenoriat social ar trebui s\u0103 ofere:<\/span><\/p>\n<ul>\n<li style=\"font-weight: 400;\" aria-level=\"1\"><b>Mentorat \u0219i educa\u021bie<\/b><span style=\"font-weight: 400;\"> \u2013 acces la programe de instruire \u0219i networking pentru femei antreprenor.<\/span><\/li>\n<li style=\"font-weight: 400;\" aria-level=\"1\"><b>Sprijin financiar echitabil<\/b><span style=\"font-weight: 400;\"> \u2013 granturi \u0219i investi\u021bii destinate afacerilor fondate de femei.<\/span><\/li>\n<li style=\"font-weight: 400;\" aria-level=\"1\"><b>Promovarea modelelor de succes<\/b><span style=\"font-weight: 400;\"> \u2013 vizibilitate pentru femeile care au reu\u0219it \u00een domeniul antreprenoriatului social.<\/span><\/li>\n<\/ul>\n<h2><b>Exemple de succes \u0219i impactul lor<\/b><span style=\"font-weight: 400;\">\u00a0<\/span><\/h2>\n<p><span style=\"font-weight: 400;\">Un exemplu remarcabil de succes este reprezentat de organiza\u021biile care sprijin\u0103 femeile \u00een afaceri prin oferirea de finan\u021bare, mentorat \u0219i programe educa\u021bionale. Astfel de ini\u021biative contribuie la reducerea disparit\u0103\u021bilor de gen \u00een mediul de afaceri \u0219i creeaz\u0103 oportunit\u0103\u021bi economice echitabile.<\/span><\/p>\n<p><span style=\"font-weight: 400;\">\u00cen plus, impactul pozitiv al egalit\u0103\u021bii de gen este vizibil \u00een companiile care promoveaz\u0103 politici incluzive, av\u00e2nd echipe diversificate care dezvolt\u0103 produse \u0219i servicii mai adaptate nevoilor variate ale pie\u021bei.<\/span><\/p>\n<h1><a href=\"https:\/\/startinantreprenoriatsocial.ro\/index.php\/inscriere-in-proiect\/\">\u00censcrie-te \u0219i tu cu planul t\u0103u de afaceri \u0219i po\u021bi c\u00e2\u0219tiga finan\u021bare nerambursabil\u0103!<\/a><\/h1>\n<p><span style=\"font-weight: 400;\">Prin integrarea egalit\u0103\u021bii de gen \u00een antreprenoriatul social, putem contribui la crearea unei societ\u0103\u021bi mai echitabile \u0219i mai prospere. Proiectul <\/span><b>Start \u00cen Antreprenoriat Social<\/b><span style=\"font-weight: 400;\"> ofer\u0103 cadrul necesar pentru ca to\u021bi antreprenorii, indiferent de gen, s\u0103 aib\u0103 \u0219anse egale de reu\u0219it\u0103 \u0219i s\u0103 genereze impact pozitiv \u00een comunitate.<\/span><\/p>\n","protected":false},"excerpt":{"rendered":"<p>Egalitatea de gen este un principiu fundamental care trebuie promovat \u00een toate domeniile vie\u021bii sociale \u0219i economice. \u00cen cadrul antreprenoriatului social, acest concept joac\u0103 un rol esen\u021bial, deoarece contribuie la dezvoltarea unor afaceri durabile, incluzive \u0219i capabile s\u0103 genereze schimb\u0103ri pozitive \u00een comunit\u0103\u021bi. Proiectul Start \u00cen Antreprenoriat Social \u00eencurajeaz\u0103 ini\u021biative care sus\u021bin participarea egal\u0103 a &hellip; <\/p>\n","protected":false},"author":2,"featured_media":146,"comment_status":"open","ping_status":"open","sticky":false,"template":"","format":"standard","meta":{"footnotes":""},"categories":[5,6],"tags":[],"class_list":["post-145","post","type-post","status-publish","format-standard","has-post-thumbnail","hentry","category-articole","category-noutati","grid-sizer"],"yoast_head":"<!-- This site is optimized with the Yoast SEO plugin v23.3 - https:\/\/yoast.com\/wordpress\/plugins\/seo\/ -->\n<title>Egalitatea de gen ca motor al Antreprenoriatului Social - Proiect: Start \u00een Antreprenoriatul Social<\/title>\n<meta name=\"robots\" content=\"index, follow, max-snippet:-1, max-image-preview:large, max-video-preview:-1\" \/>\n<link rel=\"canonical\" href=\"https:\/\/startinantreprenoriatsocial.ro\/index.php\/2025\/02\/17\/egalitatea-de-gen-ca-motor-al-antreprenoriatului-social\/\" \/>\n<meta property=\"og:locale\" content=\"ro_RO\" \/>\n<meta property=\"og:type\" content=\"article\" \/>\n<meta property=\"og:title\" content=\"Egalitatea de gen ca motor al Antreprenoriatului Social - Proiect: Start \u00een Antreprenoriatul Social\" \/>\n<meta property=\"og:description\" content=\"Egalitatea de gen este un principiu fundamental care trebuie promovat \u00een toate domeniile vie\u021bii sociale \u0219i economice. \u00cen cadrul antreprenoriatului social, acest concept joac\u0103 un rol esen\u021bial, deoarece contribuie la dezvoltarea unor afaceri durabile, incluzive \u0219i capabile s\u0103 genereze schimb\u0103ri pozitive \u00een comunit\u0103\u021bi. Proiectul Start \u00cen Antreprenoriat Social \u00eencurajeaz\u0103 ini\u021biative care sus\u021bin participarea egal\u0103 a &hellip;\" \/>\n<meta property=\"og:url\" content=\"https:\/\/startinantreprenoriatsocial.ro\/index.php\/2025\/02\/17\/egalitatea-de-gen-ca-motor-al-antreprenoriatului-social\/\" \/>\n<meta property=\"og:site_name\" content=\"Proiect: Start \u00een Antreprenoriatul Social\" \/>\n<meta property=\"article:publisher\" content=\"https:\/\/www.facebook.com\/StartInAntreprenoriatulSocial\" \/>\n<meta property=\"article:published_time\" content=\"2025-02-17T07:00:08+00:00\" \/>\n<meta property=\"article:modified_time\" content=\"2025-02-13T11:39:34+00:00\" \/>\n<meta property=\"og:image\" content=\"https:\/\/startinantreprenoriatsocial.ro\/wp-content\/uploads\/2025\/02\/tim-mossholder-UcUROHSJfRA-unsplash.jpg\" \/>\n\t<meta property=\"og:image:width\" content=\"1920\" \/>\n\t<meta property=\"og:image:height\" content=\"1280\" \/>\n\t<meta property=\"og:image:type\" content=\"image\/jpeg\" \/>\n<meta name=\"author\" content=\"teo\" \/>\n<meta name=\"twitter:card\" content=\"summary_large_image\" \/>\n<meta name=\"twitter:label1\" content=\"Scris de\" \/>\n\t<meta name=\"twitter:data1\" content=\"teo\" \/>\n\t<meta name=\"twitter:label2\" content=\"Timp estimat pentru citire\" \/>\n\t<meta name=\"twitter:data2\" content=\"3 minute\" \/>\n<script type=\"application\/ld+json\" class=\"yoast-schema-graph\">{\"@context\":\"https:\/\/schema.org\",\"@graph\":[{\"@type\":\"Article\",\"@id\":\"https:\/\/startinantreprenoriatsocial.ro\/index.php\/2025\/02\/17\/egalitatea-de-gen-ca-motor-al-antreprenoriatului-social\/#article\",\"isPartOf\":{\"@id\":\"https:\/\/startinantreprenoriatsocial.ro\/index.php\/2025\/02\/17\/egalitatea-de-gen-ca-motor-al-antreprenoriatului-social\/\"},\"author\":{\"name\":\"teo\",\"@id\":\"https:\/\/startinantreprenoriatsocial.ro\/#\/schema\/person\/3ae739576c596cc2e130d680636e0dc6\"},\"headline\":\"Egalitatea de gen ca motor al Antreprenoriatului Social\",\"datePublished\":\"2025-02-17T07:00:08+00:00\",\"dateModified\":\"2025-02-13T11:39:34+00:00\",\"mainEntityOfPage\":{\"@id\":\"https:\/\/startinantreprenoriatsocial.ro\/index.php\/2025\/02\/17\/egalitatea-de-gen-ca-motor-al-antreprenoriatului-social\/\"},\"wordCount\":453,\"commentCount\":0,\"publisher\":{\"@id\":\"https:\/\/startinantreprenoriatsocial.ro\/#organization\"},\"image\":{\"@id\":\"https:\/\/startinantreprenoriatsocial.ro\/index.php\/2025\/02\/17\/egalitatea-de-gen-ca-motor-al-antreprenoriatului-social\/#primaryimage\"},\"thumbnailUrl\":\"http:\/\/startinantreprenoriatsocial.ro\/wp-content\/uploads\/2025\/02\/tim-mossholder-UcUROHSJfRA-unsplash.jpg\",\"articleSection\":[\"Articole\",\"Noutati\"],\"inLanguage\":\"ro-RO\",\"potentialAction\":[{\"@type\":\"CommentAction\",\"name\":\"Comment\",\"target\":[\"https:\/\/startinantreprenoriatsocial.ro\/index.php\/2025\/02\/17\/egalitatea-de-gen-ca-motor-al-antreprenoriatului-social\/#respond\"]}]},{\"@type\":\"WebPage\",\"@id\":\"https:\/\/startinantreprenoriatsocial.ro\/index.php\/2025\/02\/17\/egalitatea-de-gen-ca-motor-al-antreprenoriatului-social\/\",\"url\":\"https:\/\/startinantreprenoriatsocial.ro\/index.php\/2025\/02\/17\/egalitatea-de-gen-ca-motor-al-antreprenoriatului-social\/\",\"name\":\"Egalitatea de gen ca motor al Antreprenoriatului Social - Proiect: Start \u00een Antreprenoriatul Social\",\"isPartOf\":{\"@id\":\"https:\/\/startinantreprenoriatsocial.ro\/#website\"},\"primaryImageOfPage\":{\"@id\":\"https:\/\/startinantreprenoriatsocial.ro\/index.php\/2025\/02\/17\/egalitatea-de-gen-ca-motor-al-antreprenoriatului-social\/#primaryimage\"},\"image\":{\"@id\":\"https:\/\/startinantreprenoriatsocial.ro\/index.php\/2025\/02\/17\/egalitatea-de-gen-ca-motor-al-antreprenoriatului-social\/#primaryimage\"},\"thumbnailUrl\":\"http:\/\/startinantreprenoriatsocial.ro\/wp-content\/uploads\/2025\/02\/tim-mossholder-UcUROHSJfRA-unsplash.jpg\",\"datePublished\":\"2025-02-17T07:00:08+00:00\",\"dateModified\":\"2025-02-13T11:39:34+00:00\",\"breadcrumb\":{\"@id\":\"https:\/\/startinantreprenoriatsocial.ro\/index.php\/2025\/02\/17\/egalitatea-de-gen-ca-motor-al-antreprenoriatului-social\/#breadcrumb\"},\"inLanguage\":\"ro-RO\",\"potentialAction\":[{\"@type\":\"ReadAction\",\"target\":[\"https:\/\/startinantreprenoriatsocial.ro\/index.php\/2025\/02\/17\/egalitatea-de-gen-ca-motor-al-antreprenoriatului-social\/\"]}]},{\"@type\":\"ImageObject\",\"inLanguage\":\"ro-RO\",\"@id\":\"https:\/\/startinantreprenoriatsocial.ro\/index.php\/2025\/02\/17\/egalitatea-de-gen-ca-motor-al-antreprenoriatului-social\/#primaryimage\",\"url\":\"http:\/\/startinantreprenoriatsocial.ro\/wp-content\/uploads\/2025\/02\/tim-mossholder-UcUROHSJfRA-unsplash.jpg\",\"contentUrl\":\"http:\/\/startinantreprenoriatsocial.ro\/wp-content\/uploads\/2025\/02\/tim-mossholder-UcUROHSJfRA-unsplash.jpg\",\"width\":1920,\"height\":1280},{\"@type\":\"BreadcrumbList\",\"@id\":\"https:\/\/startinantreprenoriatsocial.ro\/index.php\/2025\/02\/17\/egalitatea-de-gen-ca-motor-al-antreprenoriatului-social\/#breadcrumb\",\"itemListElement\":[{\"@type\":\"ListItem\",\"position\":1,\"name\":\"Prima pagin\u0103\",\"item\":\"https:\/\/startinantreprenoriatsocial.ro\/\"},{\"@type\":\"ListItem\",\"position\":2,\"name\":\"Egalitatea de gen ca motor al Antreprenoriatului Social\"}]},{\"@type\":\"WebSite\",\"@id\":\"https:\/\/startinantreprenoriatsocial.ro\/#website\",\"url\":\"https:\/\/startinantreprenoriatsocial.ro\/\",\"name\":\"Proiect: Start \u00een Antreprenoriatul Social\",\"description\":\"\",\"publisher\":{\"@id\":\"https:\/\/startinantreprenoriatsocial.ro\/#organization\"},\"potentialAction\":[{\"@type\":\"SearchAction\",\"target\":{\"@type\":\"EntryPoint\",\"urlTemplate\":\"https:\/\/startinantreprenoriatsocial.ro\/?s={search_term_string}\"},\"query-input\":\"required name=search_term_string\"}],\"inLanguage\":\"ro-RO\"},{\"@type\":\"Organization\",\"@id\":\"https:\/\/startinantreprenoriatsocial.ro\/#organization\",\"name\":\"Proiect: Start \u00een Antreprenoriatul Social\",\"url\":\"https:\/\/startinantreprenoriatsocial.ro\/\",\"logo\":{\"@type\":\"ImageObject\",\"inLanguage\":\"ro-RO\",\"@id\":\"https:\/\/startinantreprenoriatsocial.ro\/#\/schema\/logo\/image\/\",\"url\":\"https:\/\/startinantreprenoriatsocial.ro\/wp-content\/uploads\/2024\/08\/logostart.jpg\",\"contentUrl\":\"https:\/\/startinantreprenoriatsocial.ro\/wp-content\/uploads\/2024\/08\/logostart.jpg\",\"width\":851,\"height\":851,\"caption\":\"Proiect: Start \u00een Antreprenoriatul Social\"},\"image\":{\"@id\":\"https:\/\/startinantreprenoriatsocial.ro\/#\/schema\/logo\/image\/\"},\"sameAs\":[\"https:\/\/www.facebook.com\/StartInAntreprenoriatulSocial\",\"https:\/\/www.instagram.com\/startinantrepren\/\",\"https:\/\/www.youtube.com\/@StartnAntreprenoriatulSocial\",\"https:\/\/www.tiktok.com\/@startantreprenorsocial\"]},{\"@type\":\"Person\",\"@id\":\"https:\/\/startinantreprenoriatsocial.ro\/#\/schema\/person\/3ae739576c596cc2e130d680636e0dc6\",\"name\":\"teo\",\"image\":{\"@type\":\"ImageObject\",\"inLanguage\":\"ro-RO\",\"@id\":\"https:\/\/startinantreprenoriatsocial.ro\/#\/schema\/person\/image\/\",\"url\":\"https:\/\/secure.gravatar.com\/avatar\/aa2c7d9181b49e1e9443995844cf5cdc0c2b8d2b3af59cd6ada8bcf5d003d76d?s=96&d=mm&r=g\",\"contentUrl\":\"https:\/\/secure.gravatar.com\/avatar\/aa2c7d9181b49e1e9443995844cf5cdc0c2b8d2b3af59cd6ada8bcf5d003d76d?s=96&d=mm&r=g\",\"caption\":\"teo\"},\"url\":\"http:\/\/startinantreprenoriatsocial.ro\/index.php\/author\/teo\/\"}]}<\/script>\n<!-- \/ Yoast SEO plugin. -->","yoast_head_json":{"title":"Egalitatea de gen ca motor al Antreprenoriatului Social - Proiect: Start \u00een Antreprenoriatul Social","robots":{"index":"index","follow":"follow","max-snippet":"max-snippet:-1","max-image-preview":"max-image-preview:large","max-video-preview":"max-video-preview:-1"},"canonical":"https:\/\/startinantreprenoriatsocial.ro\/index.php\/2025\/02\/17\/egalitatea-de-gen-ca-motor-al-antreprenoriatului-social\/","og_locale":"ro_RO","og_type":"article","og_title":"Egalitatea de gen ca motor al Antreprenoriatului Social - Proiect: Start \u00een Antreprenoriatul Social","og_description":"Egalitatea de gen este un principiu fundamental care trebuie promovat \u00een toate domeniile vie\u021bii sociale \u0219i economice. \u00cen cadrul antreprenoriatului social, acest concept joac\u0103 un rol esen\u021bial, deoarece contribuie la dezvoltarea unor afaceri durabile, incluzive \u0219i capabile s\u0103 genereze schimb\u0103ri pozitive \u00een comunit\u0103\u021bi. Proiectul Start \u00cen Antreprenoriat Social \u00eencurajeaz\u0103 ini\u021biative care sus\u021bin participarea egal\u0103 a &hellip;","og_url":"https:\/\/startinantreprenoriatsocial.ro\/index.php\/2025\/02\/17\/egalitatea-de-gen-ca-motor-al-antreprenoriatului-social\/","og_site_name":"Proiect: Start \u00een Antreprenoriatul Social","article_publisher":"https:\/\/www.facebook.com\/StartInAntreprenoriatulSocial","article_published_time":"2025-02-17T07:00:08+00:00","article_modified_time":"2025-02-13T11:39:34+00:00","og_image":[{"width":1920,"height":1280,"url":"https:\/\/startinantreprenoriatsocial.ro\/wp-content\/uploads\/2025\/02\/tim-mossholder-UcUROHSJfRA-unsplash.jpg","type":"image\/jpeg"}],"author":"teo","twitter_card":"summary_large_image","twitter_misc":{"Scris de":"teo","Timp estimat pentru citire":"3 minute"},"schema":{"@context":"https:\/\/schema.org","@graph":[{"@type":"Article","@id":"https:\/\/startinantreprenoriatsocial.ro\/index.php\/2025\/02\/17\/egalitatea-de-gen-ca-motor-al-antreprenoriatului-social\/#article","isPartOf":{"@id":"https:\/\/startinantreprenoriatsocial.ro\/index.php\/2025\/02\/17\/egalitatea-de-gen-ca-motor-al-antreprenoriatului-social\/"},"author":{"name":"teo","@id":"https:\/\/startinantreprenoriatsocial.ro\/#\/schema\/person\/3ae739576c596cc2e130d680636e0dc6"},"headline":"Egalitatea de gen ca motor al Antreprenoriatului Social","datePublished":"2025-02-17T07:00:08+00:00","dateModified":"2025-02-13T11:39:34+00:00","mainEntityOfPage":{"@id":"https:\/\/startinantreprenoriatsocial.ro\/index.php\/2025\/02\/17\/egalitatea-de-gen-ca-motor-al-antreprenoriatului-social\/"},"wordCount":453,"commentCount":0,"publisher":{"@id":"https:\/\/startinantreprenoriatsocial.ro\/#organization"},"image":{"@id":"https:\/\/startinantreprenoriatsocial.ro\/index.php\/2025\/02\/17\/egalitatea-de-gen-ca-motor-al-antreprenoriatului-social\/#primaryimage"},"thumbnailUrl":"http:\/\/startinantreprenoriatsocial.ro\/wp-content\/uploads\/2025\/02\/tim-mossholder-UcUROHSJfRA-unsplash.jpg","articleSection":["Articole","Noutati"],"inLanguage":"ro-RO","potentialAction":[{"@type":"CommentAction","name":"Comment","target":["https:\/\/startinantreprenoriatsocial.ro\/index.php\/2025\/02\/17\/egalitatea-de-gen-ca-motor-al-antreprenoriatului-social\/#respond"]}]},{"@type":"WebPage","@id":"https:\/\/startinantreprenoriatsocial.ro\/index.php\/2025\/02\/17\/egalitatea-de-gen-ca-motor-al-antreprenoriatului-social\/","url":"https:\/\/startinantreprenoriatsocial.ro\/index.php\/2025\/02\/17\/egalitatea-de-gen-ca-motor-al-antreprenoriatului-social\/","name":"Egalitatea de gen ca motor al Antreprenoriatului Social - Proiect: Start \u00een Antreprenoriatul Social","isPartOf":{"@id":"https:\/\/startinantreprenoriatsocial.ro\/#website"},"primaryImageOfPage":{"@id":"https:\/\/startinantreprenoriatsocial.ro\/index.php\/2025\/02\/17\/egalitatea-de-gen-ca-motor-al-antreprenoriatului-social\/#primaryimage"},"image":{"@id":"https:\/\/startinantreprenoriatsocial.ro\/index.php\/2025\/02\/17\/egalitatea-de-gen-ca-motor-al-antreprenoriatului-social\/#primaryimage"},"thumbnailUrl":"http:\/\/startinantreprenoriatsocial.ro\/wp-content\/uploads\/2025\/02\/tim-mossholder-UcUROHSJfRA-unsplash.jpg","datePublished":"2025-02-17T07:00:08+00:00","dateModified":"2025-02-13T11:39:34+00:00","breadcrumb":{"@id":"https:\/\/startinantreprenoriatsocial.ro\/index.php\/2025\/02\/17\/egalitatea-de-gen-ca-motor-al-antreprenoriatului-social\/#breadcrumb"},"inLanguage":"ro-RO","potentialAction":[{"@type":"ReadAction","target":["https:\/\/startinantreprenoriatsocial.ro\/index.php\/2025\/02\/17\/egalitatea-de-gen-ca-motor-al-antreprenoriatului-social\/"]}]},{"@type":"ImageObject","inLanguage":"ro-RO","@id":"https:\/\/startinantreprenoriatsocial.ro\/index.php\/2025\/02\/17\/egalitatea-de-gen-ca-motor-al-antreprenoriatului-social\/#primaryimage","url":"http:\/\/startinantreprenoriatsocial.ro\/wp-content\/uploads\/2025\/02\/tim-mossholder-UcUROHSJfRA-unsplash.jpg","contentUrl":"http:\/\/startinantreprenoriatsocial.ro\/wp-content\/uploads\/2025\/02\/tim-mossholder-UcUROHSJfRA-unsplash.jpg","width":1920,"height":1280},{"@type":"BreadcrumbList","@id":"https:\/\/startinantreprenoriatsocial.ro\/index.php\/2025\/02\/17\/egalitatea-de-gen-ca-motor-al-antreprenoriatului-social\/#breadcrumb","itemListElement":[{"@type":"ListItem","position":1,"name":"Prima pagin\u0103","item":"https:\/\/startinantreprenoriatsocial.ro\/"},{"@type":"ListItem","position":2,"name":"Egalitatea de gen ca motor al Antreprenoriatului Social"}]},{"@type":"WebSite","@id":"https:\/\/startinantreprenoriatsocial.ro\/#website","url":"https:\/\/startinantreprenoriatsocial.ro\/","name":"Proiect: Start \u00een Antreprenoriatul Social","description":"","publisher":{"@id":"https:\/\/startinantreprenoriatsocial.ro\/#organization"},"potentialAction":[{"@type":"SearchAction","target":{"@type":"EntryPoint","urlTemplate":"https:\/\/startinantreprenoriatsocial.ro\/?s={search_term_string}"},"query-input":"required name=search_term_string"}],"inLanguage":"ro-RO"},{"@type":"Organization","@id":"https:\/\/startinantreprenoriatsocial.ro\/#organization","name":"Proiect: Start \u00een Antreprenoriatul Social","url":"https:\/\/startinantreprenoriatsocial.ro\/","logo":{"@type":"ImageObject","inLanguage":"ro-RO","@id":"https:\/\/startinantreprenoriatsocial.ro\/#\/schema\/logo\/image\/","url":"https:\/\/startinantreprenoriatsocial.ro\/wp-content\/uploads\/2024\/08\/logostart.jpg","contentUrl":"https:\/\/startinantreprenoriatsocial.ro\/wp-content\/uploads\/2024\/08\/logostart.jpg","width":851,"height":851,"caption":"Proiect: Start \u00een Antreprenoriatul Social"},"image":{"@id":"https:\/\/startinantreprenoriatsocial.ro\/#\/schema\/logo\/image\/"},"sameAs":["https:\/\/www.facebook.com\/StartInAntreprenoriatulSocial","https:\/\/www.instagram.com\/startinantrepren\/","https:\/\/www.youtube.com\/@StartnAntreprenoriatulSocial","https:\/\/www.tiktok.com\/@startantreprenorsocial"]},{"@type":"Person","@id":"https:\/\/startinantreprenoriatsocial.ro\/#\/schema\/person\/3ae739576c596cc2e130d680636e0dc6","name":"teo","image":{"@type":"ImageObject","inLanguage":"ro-RO","@id":"https:\/\/startinantreprenoriatsocial.ro\/#\/schema\/person\/image\/","url":"https:\/\/secure.gravatar.com\/avatar\/aa2c7d9181b49e1e9443995844cf5cdc0c2b8d2b3af59cd6ada8bcf5d003d76d?s=96&d=mm&r=g","contentUrl":"https:\/\/secure.gravatar.com\/avatar\/aa2c7d9181b49e1e9443995844cf5cdc0c2b8d2b3af59cd6ada8bcf5d003d76d?s=96&d=mm&r=g","caption":"teo"},"url":"http:\/\/startinantreprenoriatsocial.ro\/index.php\/author\/teo\/"}]}},"_links":{"self":[{"href":"http:\/\/startinantreprenoriatsocial.ro\/index.php\/wp-json\/wp\/v2\/posts\/145","targetHints":{"allow":["GET"]}}],"collection":[{"href":"http:\/\/startinantreprenoriatsocial.ro\/index.php\/wp-json\/wp\/v2\/posts"}],"about":[{"href":"http:\/\/startinantreprenoriatsocial.ro\/index.php\/wp-json\/wp\/v2\/types\/post"}],"author":[{"embeddable":true,"href":"http:\/\/startinantreprenoriatsocial.ro\/index.php\/wp-json\/wp\/v2\/users\/2"}],"replies":[{"embeddable":true,"href":"http:\/\/startinantreprenoriatsocial.ro\/index.php\/wp-json\/wp\/v2\/comments?post=145"}],"version-history":[{"count":1,"href":"http:\/\/startinantreprenoriatsocial.ro\/index.php\/wp-json\/wp\/v2\/posts\/145\/revisions"}],"predecessor-version":[{"id":147,"href":"http:\/\/startinantreprenoriatsocial.ro\/index.php\/wp-json\/wp\/v2\/posts\/145\/revisions\/147"}],"wp:featuredmedia":[{"embeddable":true,"href":"http:\/\/startinantreprenoriatsocial.ro\/index.php\/wp-json\/wp\/v2\/media\/146"}],"wp:attachment":[{"href":"http:\/\/startinantreprenoriatsocial.ro\/index.php\/wp-json\/wp\/v2\/media?parent=145"}],"wp:term":[{"taxonomy":"category","embeddable":true,"href":"http:\/\/startinantreprenoriatsocial.ro\/index.php\/wp-json\/wp\/v2\/categories?post=145"},{"taxonomy":"post_tag","embeddable":true,"href":"http:\/\/startinantreprenoriatsocial.ro\/index.php\/wp-json\/wp\/v2\/tags?post=145"}],"curies":[{"name":"wp","href":"https:\/\/api.w.org\/{rel}","templated":true}]}}