{"id":171,"date":"2025-04-03T10:10:37","date_gmt":"2025-04-03T10:10:37","guid":{"rendered":"https:\/\/startinantreprenoriatsocial.ro\/?p=171"},"modified":"2025-04-03T10:10:37","modified_gmt":"2025-04-03T10:10:37","slug":"importanta-economiei-sociale-in-mediul-rural","status":"publish","type":"post","link":"http:\/\/startinantreprenoriatsocial.ro\/index.php\/2025\/04\/03\/importanta-economiei-sociale-in-mediul-rural\/","title":{"rendered":"Importan\u021ba economiei sociale \u00een mediul rural"},"content":{"rendered":"<p><span style=\"font-weight: 400;\">Economia social\u0103 reprezint\u0103 o abordare economic\u0103 orientat\u0103 spre dezvoltarea durabil\u0103 a comunit\u0103\u021bilor \u0219i prioritizarea obiectivelor sociale fa\u021b\u0103 de maximizarea profitului. \u00cen mediul rural, aceasta devine esen\u021bial\u0103 datorit\u0103 impactului s\u0103u pozitiv asupra dezvolt\u0103rii economice, sociale \u0219i culturale a zonelor vulnerabile.<\/span><\/p>\n<p><!--more--><\/p>\n<h2><span style=\"font-weight: 400;\">Oportunit\u0103\u021bi de ocupare \u0219i incluziune social\u0103<\/span><\/h2>\n<p><span style=\"font-weight: 400;\">\u00cen multe comunit\u0103\u021bi rurale, lipsa oportunit\u0103\u021bilor de angajare duce la migrarea popula\u021biei tinere c\u0103tre zone urbane sau chiar \u00een afara \u021b\u0103rii. Economia social\u0103 ofer\u0103 solu\u021bii concrete prin crearea de locuri de munc\u0103 adaptate nevoilor locale, contribuind astfel la diminuarea \u0219omajului \u0219i la reten\u021bia popula\u021biei. \u00centreprinderile sociale promoveaz\u0103 incluziunea persoanelor vulnerabile, cum ar fi tinerii f\u0103r\u0103 experien\u021b\u0103 profesional\u0103, persoanele cu dizabilit\u0103\u021bi sau v\u00e2rstnicii activi.<\/span><\/p>\n<h2><span style=\"font-weight: 400;\">Valorificarea resurselor locale<\/span><\/h2>\n<p><span style=\"font-weight: 400;\">Mediul rural dispune adesea de resurse naturale \u0219i culturale valoroase, \u00eens\u0103 insuficient exploatate. Economia social\u0103 sprijin\u0103 dezvoltarea afacerilor bazate pe valorificarea sustenabil\u0103 a acestor resurse, cum ar fi agricultura ecologic\u0103, agroturismul, me\u0219te\u0219ugurile tradi\u021bionale sau produc\u021bia local\u0103 de alimente. Aceste activit\u0103\u021bi nu doar genereaz\u0103 venituri \u0219i oportunit\u0103\u021bi de munc\u0103, dar contribuie \u0219i la p\u0103strarea tradi\u021biilor \u0219i identit\u0103\u021bii comunit\u0103\u021bilor rurale.<\/span><\/p>\n<h2><span style=\"font-weight: 400;\">Cre\u0219terea coeziunii comunitare<\/span><\/h2>\n<p><span style=\"font-weight: 400;\">Un alt beneficiu important al economiei sociale \u00een mediul rural este consolidarea coeziunii comunitare. \u00centreprinderile sociale implic\u0103 activ locuitorii \u00een procesul decizional \u0219i reinvestesc o mare parte din profituri \u00een dezvoltarea comunit\u0103\u021bii. Astfel, se creeaz\u0103 un sentiment puternic de apartenen\u021b\u0103 \u0219i solidaritate, stimul\u00e2nd colaborarea \u0219i sus\u021binerea reciproc\u0103 \u00eentre membrii comunit\u0103\u021bii.<\/span><\/p>\n<h2><span style=\"font-weight: 400;\">Acces \u00eembun\u0103t\u0103\u021bit la servicii esen\u021biale<\/span><\/h2>\n<p><span style=\"font-weight: 400;\">\u00cen zonele rurale, accesul limitat la servicii de s\u0103n\u0103tate, educa\u021bie \u0219i infrastructur\u0103 poate afecta semnificativ calitatea vie\u021bii. Economia social\u0103 intervine eficient \u0219i \u00een acest domeniu prin \u00eenfiin\u021barea de centre comunitare, unit\u0103\u021bi medicale \u0219i educa\u021bionale gestionate direct de comunit\u0103\u021bi sau asocia\u021bii locale. Astfel, popula\u021bia rural\u0103 beneficiaz\u0103 de servicii adaptate nevoilor specifice \u0219i accesibile tuturor membrilor comunit\u0103\u021bii.<\/span><\/p>\n<h2><span style=\"font-weight: 400;\">Provoc\u0103ri \u0219i perspective<\/span><\/h2>\n<p><span style=\"font-weight: 400;\">De\u0219i beneficiile economiei sociale sunt evidente, implementarea acesteia \u00een mediul rural \u00eent\u00e2mpin\u0103 provoc\u0103ri precum lipsa de informa\u021bii, acces limitat la finan\u021bare sau competen\u021be insuficiente \u00een managementul antreprenorial. De aceea, programele de sprijinire \u0219i instruire, cum ar fi ini\u021biativa \u201eStart \u00cen Antreprenoriat Social\u201d, devin esen\u021biale pentru sus\u021binerea \u0219i dezvoltarea \u00eentreprinderilor sociale \u00een zonele rurale.<\/span><\/p>\n<p><span style=\"font-weight: 400;\">Prin urmare, economia social\u0103 joac\u0103 un rol crucial \u00een revitalizarea mediului rural, oferind solu\u021bii sustenabile, incluzive \u0219i inovatoare pentru dezvoltarea armonioas\u0103 \u0219i echitabil\u0103 a comunit\u0103\u021bilor.<\/span><\/p>\n","protected":false},"excerpt":{"rendered":"<p>Economia social\u0103 reprezint\u0103 o abordare economic\u0103 orientat\u0103 spre dezvoltarea durabil\u0103 a comunit\u0103\u021bilor \u0219i prioritizarea obiectivelor sociale fa\u021b\u0103 de maximizarea profitului. \u00cen mediul rural, aceasta devine esen\u021bial\u0103 datorit\u0103 impactului s\u0103u pozitiv asupra dezvolt\u0103rii economice, sociale \u0219i culturale a zonelor vulnerabile.<\/p>\n","protected":false},"author":2,"featured_media":172,"comment_status":"open","ping_status":"open","sticky":false,"template":"","format":"standard","meta":{"footnotes":""},"categories":[5,6],"tags":[],"class_list":["post-171","post","type-post","status-publish","format-standard","has-post-thumbnail","hentry","category-articole","category-noutati","grid-sizer"],"yoast_head":"<!-- This site is optimized with the Yoast SEO plugin v23.3 - https:\/\/yoast.com\/wordpress\/plugins\/seo\/ -->\n<title>Importan\u021ba economiei sociale \u00een mediul rural - Proiect: Start \u00een Antreprenoriatul Social<\/title>\n<meta name=\"robots\" content=\"index, follow, max-snippet:-1, max-image-preview:large, max-video-preview:-1\" \/>\n<link rel=\"canonical\" href=\"http:\/\/startinantreprenoriatsocial.ro\/index.php\/2025\/04\/03\/importanta-economiei-sociale-in-mediul-rural\/\" \/>\n<meta property=\"og:locale\" content=\"ro_RO\" \/>\n<meta property=\"og:type\" content=\"article\" \/>\n<meta property=\"og:title\" content=\"Importan\u021ba economiei sociale \u00een mediul rural - Proiect: Start \u00een Antreprenoriatul Social\" \/>\n<meta property=\"og:description\" content=\"Economia social\u0103 reprezint\u0103 o abordare economic\u0103 orientat\u0103 spre dezvoltarea durabil\u0103 a comunit\u0103\u021bilor \u0219i prioritizarea obiectivelor sociale fa\u021b\u0103 de maximizarea profitului. \u00cen mediul rural, aceasta devine esen\u021bial\u0103 datorit\u0103 impactului s\u0103u pozitiv asupra dezvolt\u0103rii economice, sociale \u0219i culturale a zonelor vulnerabile.\" \/>\n<meta property=\"og:url\" content=\"http:\/\/startinantreprenoriatsocial.ro\/index.php\/2025\/04\/03\/importanta-economiei-sociale-in-mediul-rural\/\" \/>\n<meta property=\"og:site_name\" content=\"Proiect: Start \u00een Antreprenoriatul Social\" \/>\n<meta property=\"article:publisher\" content=\"https:\/\/www.facebook.com\/StartInAntreprenoriatulSocial\" \/>\n<meta property=\"article:published_time\" content=\"2025-04-03T10:10:37+00:00\" \/>\n<meta property=\"og:image\" content=\"http:\/\/startinantreprenoriatsocial.ro\/wp-content\/uploads\/2025\/04\/vitali-adutskevich-S-ZLd_UqLkA-unsplash-1.jpg\" \/>\n\t<meta property=\"og:image:width\" content=\"1920\" \/>\n\t<meta property=\"og:image:height\" content=\"1280\" \/>\n\t<meta property=\"og:image:type\" content=\"image\/jpeg\" \/>\n<meta name=\"author\" content=\"teo\" \/>\n<meta name=\"twitter:card\" content=\"summary_large_image\" \/>\n<meta name=\"twitter:label1\" content=\"Scris de\" \/>\n\t<meta name=\"twitter:data1\" content=\"teo\" \/>\n\t<meta name=\"twitter:label2\" content=\"Timp estimat pentru citire\" \/>\n\t<meta name=\"twitter:data2\" content=\"3 minute\" \/>\n<script type=\"application\/ld+json\" class=\"yoast-schema-graph\">{\"@context\":\"https:\/\/schema.org\",\"@graph\":[{\"@type\":\"Article\",\"@id\":\"http:\/\/startinantreprenoriatsocial.ro\/index.php\/2025\/04\/03\/importanta-economiei-sociale-in-mediul-rural\/#article\",\"isPartOf\":{\"@id\":\"http:\/\/startinantreprenoriatsocial.ro\/index.php\/2025\/04\/03\/importanta-economiei-sociale-in-mediul-rural\/\"},\"author\":{\"name\":\"teo\",\"@id\":\"https:\/\/startinantreprenoriatsocial.ro\/#\/schema\/person\/3ae739576c596cc2e130d680636e0dc6\"},\"headline\":\"Importan\u021ba economiei sociale \u00een mediul rural\",\"datePublished\":\"2025-04-03T10:10:37+00:00\",\"dateModified\":\"2025-04-03T10:10:37+00:00\",\"mainEntityOfPage\":{\"@id\":\"http:\/\/startinantreprenoriatsocial.ro\/index.php\/2025\/04\/03\/importanta-economiei-sociale-in-mediul-rural\/\"},\"wordCount\":426,\"commentCount\":0,\"publisher\":{\"@id\":\"https:\/\/startinantreprenoriatsocial.ro\/#organization\"},\"image\":{\"@id\":\"http:\/\/startinantreprenoriatsocial.ro\/index.php\/2025\/04\/03\/importanta-economiei-sociale-in-mediul-rural\/#primaryimage\"},\"thumbnailUrl\":\"http:\/\/startinantreprenoriatsocial.ro\/wp-content\/uploads\/2025\/04\/vitali-adutskevich-S-ZLd_UqLkA-unsplash-1.jpg\",\"articleSection\":[\"Articole\",\"Noutati\"],\"inLanguage\":\"ro-RO\",\"potentialAction\":[{\"@type\":\"CommentAction\",\"name\":\"Comment\",\"target\":[\"http:\/\/startinantreprenoriatsocial.ro\/index.php\/2025\/04\/03\/importanta-economiei-sociale-in-mediul-rural\/#respond\"]}]},{\"@type\":\"WebPage\",\"@id\":\"http:\/\/startinantreprenoriatsocial.ro\/index.php\/2025\/04\/03\/importanta-economiei-sociale-in-mediul-rural\/\",\"url\":\"http:\/\/startinantreprenoriatsocial.ro\/index.php\/2025\/04\/03\/importanta-economiei-sociale-in-mediul-rural\/\",\"name\":\"Importan\u021ba economiei sociale \u00een mediul rural - Proiect: Start \u00een Antreprenoriatul Social\",\"isPartOf\":{\"@id\":\"https:\/\/startinantreprenoriatsocial.ro\/#website\"},\"primaryImageOfPage\":{\"@id\":\"http:\/\/startinantreprenoriatsocial.ro\/index.php\/2025\/04\/03\/importanta-economiei-sociale-in-mediul-rural\/#primaryimage\"},\"image\":{\"@id\":\"http:\/\/startinantreprenoriatsocial.ro\/index.php\/2025\/04\/03\/importanta-economiei-sociale-in-mediul-rural\/#primaryimage\"},\"thumbnailUrl\":\"http:\/\/startinantreprenoriatsocial.ro\/wp-content\/uploads\/2025\/04\/vitali-adutskevich-S-ZLd_UqLkA-unsplash-1.jpg\",\"datePublished\":\"2025-04-03T10:10:37+00:00\",\"dateModified\":\"2025-04-03T10:10:37+00:00\",\"breadcrumb\":{\"@id\":\"http:\/\/startinantreprenoriatsocial.ro\/index.php\/2025\/04\/03\/importanta-economiei-sociale-in-mediul-rural\/#breadcrumb\"},\"inLanguage\":\"ro-RO\",\"potentialAction\":[{\"@type\":\"ReadAction\",\"target\":[\"http:\/\/startinantreprenoriatsocial.ro\/index.php\/2025\/04\/03\/importanta-economiei-sociale-in-mediul-rural\/\"]}]},{\"@type\":\"ImageObject\",\"inLanguage\":\"ro-RO\",\"@id\":\"http:\/\/startinantreprenoriatsocial.ro\/index.php\/2025\/04\/03\/importanta-economiei-sociale-in-mediul-rural\/#primaryimage\",\"url\":\"http:\/\/startinantreprenoriatsocial.ro\/wp-content\/uploads\/2025\/04\/vitali-adutskevich-S-ZLd_UqLkA-unsplash-1.jpg\",\"contentUrl\":\"http:\/\/startinantreprenoriatsocial.ro\/wp-content\/uploads\/2025\/04\/vitali-adutskevich-S-ZLd_UqLkA-unsplash-1.jpg\",\"width\":1920,\"height\":1280},{\"@type\":\"BreadcrumbList\",\"@id\":\"http:\/\/startinantreprenoriatsocial.ro\/index.php\/2025\/04\/03\/importanta-economiei-sociale-in-mediul-rural\/#breadcrumb\",\"itemListElement\":[{\"@type\":\"ListItem\",\"position\":1,\"name\":\"Prima pagin\u0103\",\"item\":\"https:\/\/startinantreprenoriatsocial.ro\/\"},{\"@type\":\"ListItem\",\"position\":2,\"name\":\"Importan\u021ba economiei sociale \u00een mediul rural\"}]},{\"@type\":\"WebSite\",\"@id\":\"https:\/\/startinantreprenoriatsocial.ro\/#website\",\"url\":\"https:\/\/startinantreprenoriatsocial.ro\/\",\"name\":\"Proiect: Start \u00een Antreprenoriatul Social\",\"description\":\"\",\"publisher\":{\"@id\":\"https:\/\/startinantreprenoriatsocial.ro\/#organization\"},\"potentialAction\":[{\"@type\":\"SearchAction\",\"target\":{\"@type\":\"EntryPoint\",\"urlTemplate\":\"https:\/\/startinantreprenoriatsocial.ro\/?s={search_term_string}\"},\"query-input\":\"required name=search_term_string\"}],\"inLanguage\":\"ro-RO\"},{\"@type\":\"Organization\",\"@id\":\"https:\/\/startinantreprenoriatsocial.ro\/#organization\",\"name\":\"Proiect: Start \u00een Antreprenoriatul Social\",\"url\":\"https:\/\/startinantreprenoriatsocial.ro\/\",\"logo\":{\"@type\":\"ImageObject\",\"inLanguage\":\"ro-RO\",\"@id\":\"https:\/\/startinantreprenoriatsocial.ro\/#\/schema\/logo\/image\/\",\"url\":\"https:\/\/startinantreprenoriatsocial.ro\/wp-content\/uploads\/2024\/08\/logostart.jpg\",\"contentUrl\":\"https:\/\/startinantreprenoriatsocial.ro\/wp-content\/uploads\/2024\/08\/logostart.jpg\",\"width\":851,\"height\":851,\"caption\":\"Proiect: Start \u00een Antreprenoriatul Social\"},\"image\":{\"@id\":\"https:\/\/startinantreprenoriatsocial.ro\/#\/schema\/logo\/image\/\"},\"sameAs\":[\"https:\/\/www.facebook.com\/StartInAntreprenoriatulSocial\",\"https:\/\/www.instagram.com\/startinantrepren\/\",\"https:\/\/www.youtube.com\/@StartnAntreprenoriatulSocial\",\"https:\/\/www.tiktok.com\/@startantreprenorsocial\"]},{\"@type\":\"Person\",\"@id\":\"https:\/\/startinantreprenoriatsocial.ro\/#\/schema\/person\/3ae739576c596cc2e130d680636e0dc6\",\"name\":\"teo\",\"image\":{\"@type\":\"ImageObject\",\"inLanguage\":\"ro-RO\",\"@id\":\"https:\/\/startinantreprenoriatsocial.ro\/#\/schema\/person\/image\/\",\"url\":\"https:\/\/secure.gravatar.com\/avatar\/aa2c7d9181b49e1e9443995844cf5cdc0c2b8d2b3af59cd6ada8bcf5d003d76d?s=96&d=mm&r=g\",\"contentUrl\":\"https:\/\/secure.gravatar.com\/avatar\/aa2c7d9181b49e1e9443995844cf5cdc0c2b8d2b3af59cd6ada8bcf5d003d76d?s=96&d=mm&r=g\",\"caption\":\"teo\"},\"url\":\"http:\/\/startinantreprenoriatsocial.ro\/index.php\/author\/teo\/\"}]}<\/script>\n<!-- \/ Yoast SEO plugin. -->","yoast_head_json":{"title":"Importan\u021ba economiei sociale \u00een mediul rural - Proiect: Start \u00een Antreprenoriatul Social","robots":{"index":"index","follow":"follow","max-snippet":"max-snippet:-1","max-image-preview":"max-image-preview:large","max-video-preview":"max-video-preview:-1"},"canonical":"http:\/\/startinantreprenoriatsocial.ro\/index.php\/2025\/04\/03\/importanta-economiei-sociale-in-mediul-rural\/","og_locale":"ro_RO","og_type":"article","og_title":"Importan\u021ba economiei sociale \u00een mediul rural - Proiect: Start \u00een Antreprenoriatul Social","og_description":"Economia social\u0103 reprezint\u0103 o abordare economic\u0103 orientat\u0103 spre dezvoltarea durabil\u0103 a comunit\u0103\u021bilor \u0219i prioritizarea obiectivelor sociale fa\u021b\u0103 de maximizarea profitului. \u00cen mediul rural, aceasta devine esen\u021bial\u0103 datorit\u0103 impactului s\u0103u pozitiv asupra dezvolt\u0103rii economice, sociale \u0219i culturale a zonelor vulnerabile.","og_url":"http:\/\/startinantreprenoriatsocial.ro\/index.php\/2025\/04\/03\/importanta-economiei-sociale-in-mediul-rural\/","og_site_name":"Proiect: Start \u00een Antreprenoriatul Social","article_publisher":"https:\/\/www.facebook.com\/StartInAntreprenoriatulSocial","article_published_time":"2025-04-03T10:10:37+00:00","og_image":[{"width":1920,"height":1280,"url":"http:\/\/startinantreprenoriatsocial.ro\/wp-content\/uploads\/2025\/04\/vitali-adutskevich-S-ZLd_UqLkA-unsplash-1.jpg","type":"image\/jpeg"}],"author":"teo","twitter_card":"summary_large_image","twitter_misc":{"Scris de":"teo","Timp estimat pentru citire":"3 minute"},"schema":{"@context":"https:\/\/schema.org","@graph":[{"@type":"Article","@id":"http:\/\/startinantreprenoriatsocial.ro\/index.php\/2025\/04\/03\/importanta-economiei-sociale-in-mediul-rural\/#article","isPartOf":{"@id":"http:\/\/startinantreprenoriatsocial.ro\/index.php\/2025\/04\/03\/importanta-economiei-sociale-in-mediul-rural\/"},"author":{"name":"teo","@id":"https:\/\/startinantreprenoriatsocial.ro\/#\/schema\/person\/3ae739576c596cc2e130d680636e0dc6"},"headline":"Importan\u021ba economiei sociale \u00een mediul rural","datePublished":"2025-04-03T10:10:37+00:00","dateModified":"2025-04-03T10:10:37+00:00","mainEntityOfPage":{"@id":"http:\/\/startinantreprenoriatsocial.ro\/index.php\/2025\/04\/03\/importanta-economiei-sociale-in-mediul-rural\/"},"wordCount":426,"commentCount":0,"publisher":{"@id":"https:\/\/startinantreprenoriatsocial.ro\/#organization"},"image":{"@id":"http:\/\/startinantreprenoriatsocial.ro\/index.php\/2025\/04\/03\/importanta-economiei-sociale-in-mediul-rural\/#primaryimage"},"thumbnailUrl":"http:\/\/startinantreprenoriatsocial.ro\/wp-content\/uploads\/2025\/04\/vitali-adutskevich-S-ZLd_UqLkA-unsplash-1.jpg","articleSection":["Articole","Noutati"],"inLanguage":"ro-RO","potentialAction":[{"@type":"CommentAction","name":"Comment","target":["http:\/\/startinantreprenoriatsocial.ro\/index.php\/2025\/04\/03\/importanta-economiei-sociale-in-mediul-rural\/#respond"]}]},{"@type":"WebPage","@id":"http:\/\/startinantreprenoriatsocial.ro\/index.php\/2025\/04\/03\/importanta-economiei-sociale-in-mediul-rural\/","url":"http:\/\/startinantreprenoriatsocial.ro\/index.php\/2025\/04\/03\/importanta-economiei-sociale-in-mediul-rural\/","name":"Importan\u021ba economiei sociale \u00een mediul rural - Proiect: Start \u00een Antreprenoriatul Social","isPartOf":{"@id":"https:\/\/startinantreprenoriatsocial.ro\/#website"},"primaryImageOfPage":{"@id":"http:\/\/startinantreprenoriatsocial.ro\/index.php\/2025\/04\/03\/importanta-economiei-sociale-in-mediul-rural\/#primaryimage"},"image":{"@id":"http:\/\/startinantreprenoriatsocial.ro\/index.php\/2025\/04\/03\/importanta-economiei-sociale-in-mediul-rural\/#primaryimage"},"thumbnailUrl":"http:\/\/startinantreprenoriatsocial.ro\/wp-content\/uploads\/2025\/04\/vitali-adutskevich-S-ZLd_UqLkA-unsplash-1.jpg","datePublished":"2025-04-03T10:10:37+00:00","dateModified":"2025-04-03T10:10:37+00:00","breadcrumb":{"@id":"http:\/\/startinantreprenoriatsocial.ro\/index.php\/2025\/04\/03\/importanta-economiei-sociale-in-mediul-rural\/#breadcrumb"},"inLanguage":"ro-RO","potentialAction":[{"@type":"ReadAction","target":["http:\/\/startinantreprenoriatsocial.ro\/index.php\/2025\/04\/03\/importanta-economiei-sociale-in-mediul-rural\/"]}]},{"@type":"ImageObject","inLanguage":"ro-RO","@id":"http:\/\/startinantreprenoriatsocial.ro\/index.php\/2025\/04\/03\/importanta-economiei-sociale-in-mediul-rural\/#primaryimage","url":"http:\/\/startinantreprenoriatsocial.ro\/wp-content\/uploads\/2025\/04\/vitali-adutskevich-S-ZLd_UqLkA-unsplash-1.jpg","contentUrl":"http:\/\/startinantreprenoriatsocial.ro\/wp-content\/uploads\/2025\/04\/vitali-adutskevich-S-ZLd_UqLkA-unsplash-1.jpg","width":1920,"height":1280},{"@type":"BreadcrumbList","@id":"http:\/\/startinantreprenoriatsocial.ro\/index.php\/2025\/04\/03\/importanta-economiei-sociale-in-mediul-rural\/#breadcrumb","itemListElement":[{"@type":"ListItem","position":1,"name":"Prima pagin\u0103","item":"https:\/\/startinantreprenoriatsocial.ro\/"},{"@type":"ListItem","position":2,"name":"Importan\u021ba economiei sociale \u00een mediul rural"}]},{"@type":"WebSite","@id":"https:\/\/startinantreprenoriatsocial.ro\/#website","url":"https:\/\/startinantreprenoriatsocial.ro\/","name":"Proiect: Start \u00een Antreprenoriatul Social","description":"","publisher":{"@id":"https:\/\/startinantreprenoriatsocial.ro\/#organization"},"potentialAction":[{"@type":"SearchAction","target":{"@type":"EntryPoint","urlTemplate":"https:\/\/startinantreprenoriatsocial.ro\/?s={search_term_string}"},"query-input":"required name=search_term_string"}],"inLanguage":"ro-RO"},{"@type":"Organization","@id":"https:\/\/startinantreprenoriatsocial.ro\/#organization","name":"Proiect: Start \u00een Antreprenoriatul Social","url":"https:\/\/startinantreprenoriatsocial.ro\/","logo":{"@type":"ImageObject","inLanguage":"ro-RO","@id":"https:\/\/startinantreprenoriatsocial.ro\/#\/schema\/logo\/image\/","url":"https:\/\/startinantreprenoriatsocial.ro\/wp-content\/uploads\/2024\/08\/logostart.jpg","contentUrl":"https:\/\/startinantreprenoriatsocial.ro\/wp-content\/uploads\/2024\/08\/logostart.jpg","width":851,"height":851,"caption":"Proiect: Start \u00een Antreprenoriatul Social"},"image":{"@id":"https:\/\/startinantreprenoriatsocial.ro\/#\/schema\/logo\/image\/"},"sameAs":["https:\/\/www.facebook.com\/StartInAntreprenoriatulSocial","https:\/\/www.instagram.com\/startinantrepren\/","https:\/\/www.youtube.com\/@StartnAntreprenoriatulSocial","https:\/\/www.tiktok.com\/@startantreprenorsocial"]},{"@type":"Person","@id":"https:\/\/startinantreprenoriatsocial.ro\/#\/schema\/person\/3ae739576c596cc2e130d680636e0dc6","name":"teo","image":{"@type":"ImageObject","inLanguage":"ro-RO","@id":"https:\/\/startinantreprenoriatsocial.ro\/#\/schema\/person\/image\/","url":"https:\/\/secure.gravatar.com\/avatar\/aa2c7d9181b49e1e9443995844cf5cdc0c2b8d2b3af59cd6ada8bcf5d003d76d?s=96&d=mm&r=g","contentUrl":"https:\/\/secure.gravatar.com\/avatar\/aa2c7d9181b49e1e9443995844cf5cdc0c2b8d2b3af59cd6ada8bcf5d003d76d?s=96&d=mm&r=g","caption":"teo"},"url":"http:\/\/startinantreprenoriatsocial.ro\/index.php\/author\/teo\/"}]}},"_links":{"self":[{"href":"http:\/\/startinantreprenoriatsocial.ro\/index.php\/wp-json\/wp\/v2\/posts\/171","targetHints":{"allow":["GET"]}}],"collection":[{"href":"http:\/\/startinantreprenoriatsocial.ro\/index.php\/wp-json\/wp\/v2\/posts"}],"about":[{"href":"http:\/\/startinantreprenoriatsocial.ro\/index.php\/wp-json\/wp\/v2\/types\/post"}],"author":[{"embeddable":true,"href":"http:\/\/startinantreprenoriatsocial.ro\/index.php\/wp-json\/wp\/v2\/users\/2"}],"replies":[{"embeddable":true,"href":"http:\/\/startinantreprenoriatsocial.ro\/index.php\/wp-json\/wp\/v2\/comments?post=171"}],"version-history":[{"count":1,"href":"http:\/\/startinantreprenoriatsocial.ro\/index.php\/wp-json\/wp\/v2\/posts\/171\/revisions"}],"predecessor-version":[{"id":173,"href":"http:\/\/startinantreprenoriatsocial.ro\/index.php\/wp-json\/wp\/v2\/posts\/171\/revisions\/173"}],"wp:featuredmedia":[{"embeddable":true,"href":"http:\/\/startinantreprenoriatsocial.ro\/index.php\/wp-json\/wp\/v2\/media\/172"}],"wp:attachment":[{"href":"http:\/\/startinantreprenoriatsocial.ro\/index.php\/wp-json\/wp\/v2\/media?parent=171"}],"wp:term":[{"taxonomy":"category","embeddable":true,"href":"http:\/\/startinantreprenoriatsocial.ro\/index.php\/wp-json\/wp\/v2\/categories?post=171"},{"taxonomy":"post_tag","embeddable":true,"href":"http:\/\/startinantreprenoriatsocial.ro\/index.php\/wp-json\/wp\/v2\/tags?post=171"}],"curies":[{"name":"wp","href":"https:\/\/api.w.org\/{rel}","templated":true}]}}