{"id":182,"date":"2025-04-18T15:26:48","date_gmt":"2025-04-18T15:26:48","guid":{"rendered":"https:\/\/startinantreprenoriatsocial.ro\/?p=182"},"modified":"2025-04-18T15:26:48","modified_gmt":"2025-04-18T15:26:48","slug":"oportunitatea-participarii-la-un-program-de-formare-antreprenoriala-gratuit","status":"publish","type":"post","link":"http:\/\/startinantreprenoriatsocial.ro\/index.php\/2025\/04\/18\/oportunitatea-participarii-la-un-program-de-formare-antreprenoriala-gratuit\/","title":{"rendered":"Oportunitatea particip\u0103rii la un program de formare antreprenorial\u0103 gratuit"},"content":{"rendered":"<p>Persoanele vulnerabile din mediul rural \u0219i care doresc s\u0103 \u00eenfiin\u021beze \u00eentreprinderi sociale \u00een mediul rural din regiunile mai pu\u021bin dezvoltate ale Rom\u00e2niei au posibilitatea de a participa <strong>gratuit<\/strong> la un program de formare profesional\u0103 autorizat \u00een domeniul antreprenoriatului social \u2013 <strong>Antreprenor \u00een economie social\u0103<\/strong>.<\/p>\n<p>\u00cen cadrul programului de formare profesional\u0103 gratuit la care particip\u0103 persoanele vulnerabile din mediul rural \u0219i care doresc s\u0103 \u00eenfiin\u021beze \u00eentreprinderi sociale \u00een mediul rural din regiunile mai pu\u021bin dezvoltate ale Rom\u00e2niei vor primi informa\u021bii cu privire la: selectarea ideii de afacere, selectarea formei de \u00eenfiin\u021bare a \u00eentreprinderii sociale, elaborarea planului de afaceri, realizarea \u0219i stabilirea strategiei de afaceri etc.<\/p>\n<p>La finalul sesiunilor de formare profesional\u0103 participan\u021bii vor sus\u021bine un examen de absolvire \u00een urma c\u0103ruia vor avea posibilitatea ob\u021binerii certificatului de specializare \u00een &#8222;Antreprenor \u00een economie social\u0103&#8221;, recunoscut la nivel na\u021bional \u0219i interna\u021bional prin apostil\u0103.<\/p>\n<p>De asemenea, pe baza listelor de prezen\u021b\u0103 zilnice, participan\u021bii la programul de formare profesional\u0103 vor primii o subven\u021bie de 5 lei\/or\u0103, \u00een func\u021bie de num\u0103rul de ore la care au participat.<\/p>\n<p>Persoanele care vor participa la toate cele 180 ore de curs vor primii o subven\u021bie \u00een valoare de 900 lei (180 ore * 5 lei\/or\u0103 = 900 lei).<\/p>\n<p>Persoanele care sunt interesate de participarea la programul de formare profesional\u0103 \u00een domeniul antreprenoriatului sociale <strong>GRATUIT<\/strong> pot g\u0103si mai multe informa\u021bii pe website-ul proiectului <a href=\"http:\/\/www.startinatreprenoriatsocial.ro\">www.startinatreprenoriatsocial.ro<\/a>.<\/p>\n","protected":false},"excerpt":{"rendered":"<p>Persoanele vulnerabile din mediul rural \u0219i care doresc s\u0103 \u00eenfiin\u021beze \u00eentreprinderi sociale \u00een mediul rural din regiunile mai pu\u021bin dezvoltate ale Rom\u00e2niei au posibilitatea de a participa gratuit la un program de formare profesional\u0103 autorizat \u00een domeniul antreprenoriatului social \u2013 Antreprenor \u00een economie social\u0103. \u00cen cadrul programului de formare profesional\u0103 gratuit la care particip\u0103 persoanele &hellip; <\/p>\n","protected":false},"author":2,"featured_media":183,"comment_status":"open","ping_status":"open","sticky":false,"template":"","format":"standard","meta":{"footnotes":""},"categories":[5,6],"tags":[],"class_list":["post-182","post","type-post","status-publish","format-standard","has-post-thumbnail","hentry","category-articole","category-noutati","grid-sizer"],"yoast_head":"<!-- This site is optimized with the Yoast SEO plugin v23.3 - https:\/\/yoast.com\/wordpress\/plugins\/seo\/ -->\n<title>Oportunitatea particip\u0103rii la un program de formare antreprenorial\u0103 gratuit - Proiect: Start \u00een Antreprenoriatul Social<\/title>\n<meta name=\"robots\" content=\"index, follow, max-snippet:-1, max-image-preview:large, max-video-preview:-1\" \/>\n<link rel=\"canonical\" href=\"http:\/\/startinantreprenoriatsocial.ro\/index.php\/2025\/04\/18\/oportunitatea-participarii-la-un-program-de-formare-antreprenoriala-gratuit\/\" \/>\n<meta property=\"og:locale\" content=\"ro_RO\" \/>\n<meta property=\"og:type\" content=\"article\" \/>\n<meta property=\"og:title\" content=\"Oportunitatea particip\u0103rii la un program de formare antreprenorial\u0103 gratuit - Proiect: Start \u00een Antreprenoriatul Social\" \/>\n<meta property=\"og:description\" content=\"Persoanele vulnerabile din mediul rural \u0219i care doresc s\u0103 \u00eenfiin\u021beze \u00eentreprinderi sociale \u00een mediul rural din regiunile mai pu\u021bin dezvoltate ale Rom\u00e2niei au posibilitatea de a participa gratuit la un program de formare profesional\u0103 autorizat \u00een domeniul antreprenoriatului social \u2013 Antreprenor \u00een economie social\u0103. \u00cen cadrul programului de formare profesional\u0103 gratuit la care particip\u0103 persoanele &hellip;\" \/>\n<meta property=\"og:url\" content=\"http:\/\/startinantreprenoriatsocial.ro\/index.php\/2025\/04\/18\/oportunitatea-participarii-la-un-program-de-formare-antreprenoriala-gratuit\/\" \/>\n<meta property=\"og:site_name\" content=\"Proiect: Start \u00een Antreprenoriatul Social\" \/>\n<meta property=\"article:publisher\" content=\"https:\/\/www.facebook.com\/StartInAntreprenoriatulSocial\" \/>\n<meta property=\"article:published_time\" content=\"2025-04-18T15:26:48+00:00\" \/>\n<meta property=\"og:image\" content=\"http:\/\/startinantreprenoriatsocial.ro\/wp-content\/uploads\/2025\/04\/andrew-neel-cckf4TsHAuw-unsplash-2.jpg\" \/>\n\t<meta property=\"og:image:width\" content=\"1920\" \/>\n\t<meta property=\"og:image:height\" content=\"1280\" \/>\n\t<meta property=\"og:image:type\" content=\"image\/jpeg\" \/>\n<meta name=\"author\" content=\"teo\" \/>\n<meta name=\"twitter:card\" content=\"summary_large_image\" \/>\n<meta name=\"twitter:label1\" content=\"Scris de\" \/>\n\t<meta name=\"twitter:data1\" content=\"teo\" \/>\n\t<meta name=\"twitter:label2\" content=\"Timp estimat pentru citire\" \/>\n\t<meta name=\"twitter:data2\" content=\"2 minute\" \/>\n<script type=\"application\/ld+json\" class=\"yoast-schema-graph\">{\"@context\":\"https:\/\/schema.org\",\"@graph\":[{\"@type\":\"Article\",\"@id\":\"http:\/\/startinantreprenoriatsocial.ro\/index.php\/2025\/04\/18\/oportunitatea-participarii-la-un-program-de-formare-antreprenoriala-gratuit\/#article\",\"isPartOf\":{\"@id\":\"http:\/\/startinantreprenoriatsocial.ro\/index.php\/2025\/04\/18\/oportunitatea-participarii-la-un-program-de-formare-antreprenoriala-gratuit\/\"},\"author\":{\"name\":\"teo\",\"@id\":\"https:\/\/startinantreprenoriatsocial.ro\/#\/schema\/person\/3ae739576c596cc2e130d680636e0dc6\"},\"headline\":\"Oportunitatea particip\u0103rii la un program de formare antreprenorial\u0103 gratuit\",\"datePublished\":\"2025-04-18T15:26:48+00:00\",\"dateModified\":\"2025-04-18T15:26:48+00:00\",\"mainEntityOfPage\":{\"@id\":\"http:\/\/startinantreprenoriatsocial.ro\/index.php\/2025\/04\/18\/oportunitatea-participarii-la-un-program-de-formare-antreprenoriala-gratuit\/\"},\"wordCount\":250,\"commentCount\":0,\"publisher\":{\"@id\":\"https:\/\/startinantreprenoriatsocial.ro\/#organization\"},\"image\":{\"@id\":\"http:\/\/startinantreprenoriatsocial.ro\/index.php\/2025\/04\/18\/oportunitatea-participarii-la-un-program-de-formare-antreprenoriala-gratuit\/#primaryimage\"},\"thumbnailUrl\":\"http:\/\/startinantreprenoriatsocial.ro\/wp-content\/uploads\/2025\/04\/andrew-neel-cckf4TsHAuw-unsplash-2.jpg\",\"articleSection\":[\"Articole\",\"Noutati\"],\"inLanguage\":\"ro-RO\",\"potentialAction\":[{\"@type\":\"CommentAction\",\"name\":\"Comment\",\"target\":[\"http:\/\/startinantreprenoriatsocial.ro\/index.php\/2025\/04\/18\/oportunitatea-participarii-la-un-program-de-formare-antreprenoriala-gratuit\/#respond\"]}]},{\"@type\":\"WebPage\",\"@id\":\"http:\/\/startinantreprenoriatsocial.ro\/index.php\/2025\/04\/18\/oportunitatea-participarii-la-un-program-de-formare-antreprenoriala-gratuit\/\",\"url\":\"http:\/\/startinantreprenoriatsocial.ro\/index.php\/2025\/04\/18\/oportunitatea-participarii-la-un-program-de-formare-antreprenoriala-gratuit\/\",\"name\":\"Oportunitatea particip\u0103rii la un program de formare antreprenorial\u0103 gratuit - Proiect: Start \u00een Antreprenoriatul Social\",\"isPartOf\":{\"@id\":\"https:\/\/startinantreprenoriatsocial.ro\/#website\"},\"primaryImageOfPage\":{\"@id\":\"http:\/\/startinantreprenoriatsocial.ro\/index.php\/2025\/04\/18\/oportunitatea-participarii-la-un-program-de-formare-antreprenoriala-gratuit\/#primaryimage\"},\"image\":{\"@id\":\"http:\/\/startinantreprenoriatsocial.ro\/index.php\/2025\/04\/18\/oportunitatea-participarii-la-un-program-de-formare-antreprenoriala-gratuit\/#primaryimage\"},\"thumbnailUrl\":\"http:\/\/startinantreprenoriatsocial.ro\/wp-content\/uploads\/2025\/04\/andrew-neel-cckf4TsHAuw-unsplash-2.jpg\",\"datePublished\":\"2025-04-18T15:26:48+00:00\",\"dateModified\":\"2025-04-18T15:26:48+00:00\",\"breadcrumb\":{\"@id\":\"http:\/\/startinantreprenoriatsocial.ro\/index.php\/2025\/04\/18\/oportunitatea-participarii-la-un-program-de-formare-antreprenoriala-gratuit\/#breadcrumb\"},\"inLanguage\":\"ro-RO\",\"potentialAction\":[{\"@type\":\"ReadAction\",\"target\":[\"http:\/\/startinantreprenoriatsocial.ro\/index.php\/2025\/04\/18\/oportunitatea-participarii-la-un-program-de-formare-antreprenoriala-gratuit\/\"]}]},{\"@type\":\"ImageObject\",\"inLanguage\":\"ro-RO\",\"@id\":\"http:\/\/startinantreprenoriatsocial.ro\/index.php\/2025\/04\/18\/oportunitatea-participarii-la-un-program-de-formare-antreprenoriala-gratuit\/#primaryimage\",\"url\":\"http:\/\/startinantreprenoriatsocial.ro\/wp-content\/uploads\/2025\/04\/andrew-neel-cckf4TsHAuw-unsplash-2.jpg\",\"contentUrl\":\"http:\/\/startinantreprenoriatsocial.ro\/wp-content\/uploads\/2025\/04\/andrew-neel-cckf4TsHAuw-unsplash-2.jpg\",\"width\":1920,\"height\":1280},{\"@type\":\"BreadcrumbList\",\"@id\":\"http:\/\/startinantreprenoriatsocial.ro\/index.php\/2025\/04\/18\/oportunitatea-participarii-la-un-program-de-formare-antreprenoriala-gratuit\/#breadcrumb\",\"itemListElement\":[{\"@type\":\"ListItem\",\"position\":1,\"name\":\"Prima pagin\u0103\",\"item\":\"https:\/\/startinantreprenoriatsocial.ro\/\"},{\"@type\":\"ListItem\",\"position\":2,\"name\":\"Oportunitatea particip\u0103rii la un program de formare antreprenorial\u0103 gratuit\"}]},{\"@type\":\"WebSite\",\"@id\":\"https:\/\/startinantreprenoriatsocial.ro\/#website\",\"url\":\"https:\/\/startinantreprenoriatsocial.ro\/\",\"name\":\"Proiect: Start \u00een Antreprenoriatul Social\",\"description\":\"\",\"publisher\":{\"@id\":\"https:\/\/startinantreprenoriatsocial.ro\/#organization\"},\"potentialAction\":[{\"@type\":\"SearchAction\",\"target\":{\"@type\":\"EntryPoint\",\"urlTemplate\":\"https:\/\/startinantreprenoriatsocial.ro\/?s={search_term_string}\"},\"query-input\":\"required name=search_term_string\"}],\"inLanguage\":\"ro-RO\"},{\"@type\":\"Organization\",\"@id\":\"https:\/\/startinantreprenoriatsocial.ro\/#organization\",\"name\":\"Proiect: Start \u00een Antreprenoriatul Social\",\"url\":\"https:\/\/startinantreprenoriatsocial.ro\/\",\"logo\":{\"@type\":\"ImageObject\",\"inLanguage\":\"ro-RO\",\"@id\":\"https:\/\/startinantreprenoriatsocial.ro\/#\/schema\/logo\/image\/\",\"url\":\"https:\/\/startinantreprenoriatsocial.ro\/wp-content\/uploads\/2024\/08\/logostart.jpg\",\"contentUrl\":\"https:\/\/startinantreprenoriatsocial.ro\/wp-content\/uploads\/2024\/08\/logostart.jpg\",\"width\":851,\"height\":851,\"caption\":\"Proiect: Start \u00een Antreprenoriatul Social\"},\"image\":{\"@id\":\"https:\/\/startinantreprenoriatsocial.ro\/#\/schema\/logo\/image\/\"},\"sameAs\":[\"https:\/\/www.facebook.com\/StartInAntreprenoriatulSocial\",\"https:\/\/www.instagram.com\/startinantrepren\/\",\"https:\/\/www.youtube.com\/@StartnAntreprenoriatulSocial\",\"https:\/\/www.tiktok.com\/@startantreprenorsocial\"]},{\"@type\":\"Person\",\"@id\":\"https:\/\/startinantreprenoriatsocial.ro\/#\/schema\/person\/3ae739576c596cc2e130d680636e0dc6\",\"name\":\"teo\",\"image\":{\"@type\":\"ImageObject\",\"inLanguage\":\"ro-RO\",\"@id\":\"https:\/\/startinantreprenoriatsocial.ro\/#\/schema\/person\/image\/\",\"url\":\"https:\/\/secure.gravatar.com\/avatar\/aa2c7d9181b49e1e9443995844cf5cdc0c2b8d2b3af59cd6ada8bcf5d003d76d?s=96&d=mm&r=g\",\"contentUrl\":\"https:\/\/secure.gravatar.com\/avatar\/aa2c7d9181b49e1e9443995844cf5cdc0c2b8d2b3af59cd6ada8bcf5d003d76d?s=96&d=mm&r=g\",\"caption\":\"teo\"},\"url\":\"http:\/\/startinantreprenoriatsocial.ro\/index.php\/author\/teo\/\"}]}<\/script>\n<!-- \/ Yoast SEO plugin. -->","yoast_head_json":{"title":"Oportunitatea particip\u0103rii la un program de formare antreprenorial\u0103 gratuit - Proiect: Start \u00een Antreprenoriatul Social","robots":{"index":"index","follow":"follow","max-snippet":"max-snippet:-1","max-image-preview":"max-image-preview:large","max-video-preview":"max-video-preview:-1"},"canonical":"http:\/\/startinantreprenoriatsocial.ro\/index.php\/2025\/04\/18\/oportunitatea-participarii-la-un-program-de-formare-antreprenoriala-gratuit\/","og_locale":"ro_RO","og_type":"article","og_title":"Oportunitatea particip\u0103rii la un program de formare antreprenorial\u0103 gratuit - Proiect: Start \u00een Antreprenoriatul Social","og_description":"Persoanele vulnerabile din mediul rural \u0219i care doresc s\u0103 \u00eenfiin\u021beze \u00eentreprinderi sociale \u00een mediul rural din regiunile mai pu\u021bin dezvoltate ale Rom\u00e2niei au posibilitatea de a participa gratuit la un program de formare profesional\u0103 autorizat \u00een domeniul antreprenoriatului social \u2013 Antreprenor \u00een economie social\u0103. \u00cen cadrul programului de formare profesional\u0103 gratuit la care particip\u0103 persoanele &hellip;","og_url":"http:\/\/startinantreprenoriatsocial.ro\/index.php\/2025\/04\/18\/oportunitatea-participarii-la-un-program-de-formare-antreprenoriala-gratuit\/","og_site_name":"Proiect: Start \u00een Antreprenoriatul Social","article_publisher":"https:\/\/www.facebook.com\/StartInAntreprenoriatulSocial","article_published_time":"2025-04-18T15:26:48+00:00","og_image":[{"width":1920,"height":1280,"url":"http:\/\/startinantreprenoriatsocial.ro\/wp-content\/uploads\/2025\/04\/andrew-neel-cckf4TsHAuw-unsplash-2.jpg","type":"image\/jpeg"}],"author":"teo","twitter_card":"summary_large_image","twitter_misc":{"Scris de":"teo","Timp estimat pentru citire":"2 minute"},"schema":{"@context":"https:\/\/schema.org","@graph":[{"@type":"Article","@id":"http:\/\/startinantreprenoriatsocial.ro\/index.php\/2025\/04\/18\/oportunitatea-participarii-la-un-program-de-formare-antreprenoriala-gratuit\/#article","isPartOf":{"@id":"http:\/\/startinantreprenoriatsocial.ro\/index.php\/2025\/04\/18\/oportunitatea-participarii-la-un-program-de-formare-antreprenoriala-gratuit\/"},"author":{"name":"teo","@id":"https:\/\/startinantreprenoriatsocial.ro\/#\/schema\/person\/3ae739576c596cc2e130d680636e0dc6"},"headline":"Oportunitatea particip\u0103rii la un program de formare antreprenorial\u0103 gratuit","datePublished":"2025-04-18T15:26:48+00:00","dateModified":"2025-04-18T15:26:48+00:00","mainEntityOfPage":{"@id":"http:\/\/startinantreprenoriatsocial.ro\/index.php\/2025\/04\/18\/oportunitatea-participarii-la-un-program-de-formare-antreprenoriala-gratuit\/"},"wordCount":250,"commentCount":0,"publisher":{"@id":"https:\/\/startinantreprenoriatsocial.ro\/#organization"},"image":{"@id":"http:\/\/startinantreprenoriatsocial.ro\/index.php\/2025\/04\/18\/oportunitatea-participarii-la-un-program-de-formare-antreprenoriala-gratuit\/#primaryimage"},"thumbnailUrl":"http:\/\/startinantreprenoriatsocial.ro\/wp-content\/uploads\/2025\/04\/andrew-neel-cckf4TsHAuw-unsplash-2.jpg","articleSection":["Articole","Noutati"],"inLanguage":"ro-RO","potentialAction":[{"@type":"CommentAction","name":"Comment","target":["http:\/\/startinantreprenoriatsocial.ro\/index.php\/2025\/04\/18\/oportunitatea-participarii-la-un-program-de-formare-antreprenoriala-gratuit\/#respond"]}]},{"@type":"WebPage","@id":"http:\/\/startinantreprenoriatsocial.ro\/index.php\/2025\/04\/18\/oportunitatea-participarii-la-un-program-de-formare-antreprenoriala-gratuit\/","url":"http:\/\/startinantreprenoriatsocial.ro\/index.php\/2025\/04\/18\/oportunitatea-participarii-la-un-program-de-formare-antreprenoriala-gratuit\/","name":"Oportunitatea particip\u0103rii la un program de formare antreprenorial\u0103 gratuit - Proiect: Start \u00een Antreprenoriatul Social","isPartOf":{"@id":"https:\/\/startinantreprenoriatsocial.ro\/#website"},"primaryImageOfPage":{"@id":"http:\/\/startinantreprenoriatsocial.ro\/index.php\/2025\/04\/18\/oportunitatea-participarii-la-un-program-de-formare-antreprenoriala-gratuit\/#primaryimage"},"image":{"@id":"http:\/\/startinantreprenoriatsocial.ro\/index.php\/2025\/04\/18\/oportunitatea-participarii-la-un-program-de-formare-antreprenoriala-gratuit\/#primaryimage"},"thumbnailUrl":"http:\/\/startinantreprenoriatsocial.ro\/wp-content\/uploads\/2025\/04\/andrew-neel-cckf4TsHAuw-unsplash-2.jpg","datePublished":"2025-04-18T15:26:48+00:00","dateModified":"2025-04-18T15:26:48+00:00","breadcrumb":{"@id":"http:\/\/startinantreprenoriatsocial.ro\/index.php\/2025\/04\/18\/oportunitatea-participarii-la-un-program-de-formare-antreprenoriala-gratuit\/#breadcrumb"},"inLanguage":"ro-RO","potentialAction":[{"@type":"ReadAction","target":["http:\/\/startinantreprenoriatsocial.ro\/index.php\/2025\/04\/18\/oportunitatea-participarii-la-un-program-de-formare-antreprenoriala-gratuit\/"]}]},{"@type":"ImageObject","inLanguage":"ro-RO","@id":"http:\/\/startinantreprenoriatsocial.ro\/index.php\/2025\/04\/18\/oportunitatea-participarii-la-un-program-de-formare-antreprenoriala-gratuit\/#primaryimage","url":"http:\/\/startinantreprenoriatsocial.ro\/wp-content\/uploads\/2025\/04\/andrew-neel-cckf4TsHAuw-unsplash-2.jpg","contentUrl":"http:\/\/startinantreprenoriatsocial.ro\/wp-content\/uploads\/2025\/04\/andrew-neel-cckf4TsHAuw-unsplash-2.jpg","width":1920,"height":1280},{"@type":"BreadcrumbList","@id":"http:\/\/startinantreprenoriatsocial.ro\/index.php\/2025\/04\/18\/oportunitatea-participarii-la-un-program-de-formare-antreprenoriala-gratuit\/#breadcrumb","itemListElement":[{"@type":"ListItem","position":1,"name":"Prima pagin\u0103","item":"https:\/\/startinantreprenoriatsocial.ro\/"},{"@type":"ListItem","position":2,"name":"Oportunitatea particip\u0103rii la un program de formare antreprenorial\u0103 gratuit"}]},{"@type":"WebSite","@id":"https:\/\/startinantreprenoriatsocial.ro\/#website","url":"https:\/\/startinantreprenoriatsocial.ro\/","name":"Proiect: Start \u00een Antreprenoriatul Social","description":"","publisher":{"@id":"https:\/\/startinantreprenoriatsocial.ro\/#organization"},"potentialAction":[{"@type":"SearchAction","target":{"@type":"EntryPoint","urlTemplate":"https:\/\/startinantreprenoriatsocial.ro\/?s={search_term_string}"},"query-input":"required name=search_term_string"}],"inLanguage":"ro-RO"},{"@type":"Organization","@id":"https:\/\/startinantreprenoriatsocial.ro\/#organization","name":"Proiect: Start \u00een Antreprenoriatul Social","url":"https:\/\/startinantreprenoriatsocial.ro\/","logo":{"@type":"ImageObject","inLanguage":"ro-RO","@id":"https:\/\/startinantreprenoriatsocial.ro\/#\/schema\/logo\/image\/","url":"https:\/\/startinantreprenoriatsocial.ro\/wp-content\/uploads\/2024\/08\/logostart.jpg","contentUrl":"https:\/\/startinantreprenoriatsocial.ro\/wp-content\/uploads\/2024\/08\/logostart.jpg","width":851,"height":851,"caption":"Proiect: Start \u00een Antreprenoriatul Social"},"image":{"@id":"https:\/\/startinantreprenoriatsocial.ro\/#\/schema\/logo\/image\/"},"sameAs":["https:\/\/www.facebook.com\/StartInAntreprenoriatulSocial","https:\/\/www.instagram.com\/startinantrepren\/","https:\/\/www.youtube.com\/@StartnAntreprenoriatulSocial","https:\/\/www.tiktok.com\/@startantreprenorsocial"]},{"@type":"Person","@id":"https:\/\/startinantreprenoriatsocial.ro\/#\/schema\/person\/3ae739576c596cc2e130d680636e0dc6","name":"teo","image":{"@type":"ImageObject","inLanguage":"ro-RO","@id":"https:\/\/startinantreprenoriatsocial.ro\/#\/schema\/person\/image\/","url":"https:\/\/secure.gravatar.com\/avatar\/aa2c7d9181b49e1e9443995844cf5cdc0c2b8d2b3af59cd6ada8bcf5d003d76d?s=96&d=mm&r=g","contentUrl":"https:\/\/secure.gravatar.com\/avatar\/aa2c7d9181b49e1e9443995844cf5cdc0c2b8d2b3af59cd6ada8bcf5d003d76d?s=96&d=mm&r=g","caption":"teo"},"url":"http:\/\/startinantreprenoriatsocial.ro\/index.php\/author\/teo\/"}]}},"_links":{"self":[{"href":"http:\/\/startinantreprenoriatsocial.ro\/index.php\/wp-json\/wp\/v2\/posts\/182","targetHints":{"allow":["GET"]}}],"collection":[{"href":"http:\/\/startinantreprenoriatsocial.ro\/index.php\/wp-json\/wp\/v2\/posts"}],"about":[{"href":"http:\/\/startinantreprenoriatsocial.ro\/index.php\/wp-json\/wp\/v2\/types\/post"}],"author":[{"embeddable":true,"href":"http:\/\/startinantreprenoriatsocial.ro\/index.php\/wp-json\/wp\/v2\/users\/2"}],"replies":[{"embeddable":true,"href":"http:\/\/startinantreprenoriatsocial.ro\/index.php\/wp-json\/wp\/v2\/comments?post=182"}],"version-history":[{"count":1,"href":"http:\/\/startinantreprenoriatsocial.ro\/index.php\/wp-json\/wp\/v2\/posts\/182\/revisions"}],"predecessor-version":[{"id":184,"href":"http:\/\/startinantreprenoriatsocial.ro\/index.php\/wp-json\/wp\/v2\/posts\/182\/revisions\/184"}],"wp:featuredmedia":[{"embeddable":true,"href":"http:\/\/startinantreprenoriatsocial.ro\/index.php\/wp-json\/wp\/v2\/media\/183"}],"wp:attachment":[{"href":"http:\/\/startinantreprenoriatsocial.ro\/index.php\/wp-json\/wp\/v2\/media?parent=182"}],"wp:term":[{"taxonomy":"category","embeddable":true,"href":"http:\/\/startinantreprenoriatsocial.ro\/index.php\/wp-json\/wp\/v2\/categories?post=182"},{"taxonomy":"post_tag","embeddable":true,"href":"http:\/\/startinantreprenoriatsocial.ro\/index.php\/wp-json\/wp\/v2\/tags?post=182"}],"curies":[{"name":"wp","href":"https:\/\/api.w.org\/{rel}","templated":true}]}}