{"id":292,"date":"2025-07-25T13:32:46","date_gmt":"2025-07-25T13:32:46","guid":{"rendered":"https:\/\/startinantreprenoriatsocial.ro\/?p=292"},"modified":"2025-07-25T13:32:46","modified_gmt":"2025-07-25T13:32:46","slug":"demarare-proces-semnare-contracte-de-subventie-in-cadrul-proiectului","status":"publish","type":"post","link":"http:\/\/startinantreprenoriatsocial.ro\/index.php\/2025\/07\/25\/demarare-proces-semnare-contracte-de-subventie-in-cadrul-proiectului\/","title":{"rendered":"Demarare proces semnare contracte de subventie in cadrul proiectului"},"content":{"rendered":"<p>\ud83d\udce2 Ve\u0219ti bune din cadrul proiectului nostru!<\/p>\n<p>\ud83c\udf89 Ast\u0103zi am semnat primul contract de subven\u021bie \u00een cadrul Apelului \u201eSprijin pentru \u00eenfiin\u021barea de \u00eentreprinderi \u00een mediul rural\u201d!<\/p>\n<p>\ud83d\udc4f Felicit\u0103m \u0219i \u00eei ur\u0103m mult succes tinerei antreprenoare care face astfel primul pas concret spre propriul s\u0103u vis antreprenorial! Suntem m\u00e2ndri c\u0103 putem contribui la dezvoltarea mediului rural \u0219i la sus\u021binerea ini\u021biativelor locale prin acest proiect.<\/p>\n<p>\ud83d\ude80 Acesta este doar \u00eenceputul! Urmeaz\u0103 \u0219i alte pove\u0219ti de succes, iar noi vom fi al\u0103turi de fiecare beneficiar \u00een drumul spre un viitor sustenabil \u0219i inovator.<\/p>\n","protected":false},"excerpt":{"rendered":"<p>\ud83d\udce2 Ve\u0219ti bune din cadrul proiectului nostru! \ud83c\udf89 Ast\u0103zi am semnat primul contract de subven\u021bie \u00een cadrul Apelului \u201eSprijin pentru \u00eenfiin\u021barea de \u00eentreprinderi \u00een mediul rural\u201d! \ud83d\udc4f Felicit\u0103m \u0219i \u00eei ur\u0103m mult succes tinerei antreprenoare care face astfel primul pas concret spre propriul s\u0103u vis antreprenorial! Suntem m\u00e2ndri c\u0103 putem contribui la dezvoltarea mediului rural &hellip; <\/p>\n","protected":false},"author":1,"featured_media":293,"comment_status":"open","ping_status":"open","sticky":false,"template":"","format":"standard","meta":{"footnotes":""},"categories":[6],"tags":[],"class_list":["post-292","post","type-post","status-publish","format-standard","has-post-thumbnail","hentry","category-noutati","grid-sizer"],"yoast_head":"<!-- This site is optimized with the Yoast SEO plugin v23.3 - https:\/\/yoast.com\/wordpress\/plugins\/seo\/ -->\n<title>Demarare proces semnare contracte de subventie in cadrul proiectului - Proiect: Start \u00een Antreprenoriatul Social<\/title>\n<meta name=\"robots\" content=\"index, follow, max-snippet:-1, max-image-preview:large, max-video-preview:-1\" \/>\n<link rel=\"canonical\" href=\"https:\/\/startinantreprenoriatsocial.ro\/index.php\/2025\/07\/25\/demarare-proces-semnare-contracte-de-subventie-in-cadrul-proiectului\/\" \/>\n<meta property=\"og:locale\" content=\"ro_RO\" \/>\n<meta property=\"og:type\" content=\"article\" \/>\n<meta property=\"og:title\" content=\"Demarare proces semnare contracte de subventie in cadrul proiectului - Proiect: Start \u00een Antreprenoriatul Social\" \/>\n<meta property=\"og:description\" content=\"\ud83d\udce2 Ve\u0219ti bune din cadrul proiectului nostru! \ud83c\udf89 Ast\u0103zi am semnat primul contract de subven\u021bie \u00een cadrul Apelului \u201eSprijin pentru \u00eenfiin\u021barea de \u00eentreprinderi \u00een mediul rural\u201d! \ud83d\udc4f Felicit\u0103m \u0219i \u00eei ur\u0103m mult succes tinerei antreprenoare care face astfel primul pas concret spre propriul s\u0103u vis antreprenorial! Suntem m\u00e2ndri c\u0103 putem contribui la dezvoltarea mediului rural &hellip;\" \/>\n<meta property=\"og:url\" content=\"https:\/\/startinantreprenoriatsocial.ro\/index.php\/2025\/07\/25\/demarare-proces-semnare-contracte-de-subventie-in-cadrul-proiectului\/\" \/>\n<meta property=\"og:site_name\" content=\"Proiect: Start \u00een Antreprenoriatul Social\" \/>\n<meta property=\"article:publisher\" content=\"https:\/\/www.facebook.com\/StartInAntreprenoriatulSocial\" \/>\n<meta property=\"article:published_time\" content=\"2025-07-25T13:32:46+00:00\" \/>\n<meta property=\"og:image\" content=\"https:\/\/startinantreprenoriatsocial.ro\/wp-content\/uploads\/2025\/07\/WhatsApp-Image-2025-07-25-at-12.57.31.jpeg\" \/>\n\t<meta property=\"og:image:width\" content=\"1360\" \/>\n\t<meta property=\"og:image:height\" content=\"1600\" \/>\n\t<meta property=\"og:image:type\" content=\"image\/jpeg\" \/>\n<meta name=\"author\" content=\"adminadmsoc\" \/>\n<meta name=\"twitter:card\" content=\"summary_large_image\" \/>\n<meta name=\"twitter:label1\" content=\"Scris de\" \/>\n\t<meta name=\"twitter:data1\" content=\"adminadmsoc\" \/>\n\t<meta name=\"twitter:label2\" content=\"Timp estimat pentru citire\" \/>\n\t<meta name=\"twitter:data2\" content=\"1 minut\" \/>\n<script type=\"application\/ld+json\" class=\"yoast-schema-graph\">{\"@context\":\"https:\/\/schema.org\",\"@graph\":[{\"@type\":\"Article\",\"@id\":\"https:\/\/startinantreprenoriatsocial.ro\/index.php\/2025\/07\/25\/demarare-proces-semnare-contracte-de-subventie-in-cadrul-proiectului\/#article\",\"isPartOf\":{\"@id\":\"https:\/\/startinantreprenoriatsocial.ro\/index.php\/2025\/07\/25\/demarare-proces-semnare-contracte-de-subventie-in-cadrul-proiectului\/\"},\"author\":{\"name\":\"adminadmsoc\",\"@id\":\"https:\/\/startinantreprenoriatsocial.ro\/#\/schema\/person\/5b63a3070487f65cb0b75840b69f6954\"},\"headline\":\"Demarare proces semnare contracte de subventie in cadrul proiectului\",\"datePublished\":\"2025-07-25T13:32:46+00:00\",\"dateModified\":\"2025-07-25T13:32:46+00:00\",\"mainEntityOfPage\":{\"@id\":\"https:\/\/startinantreprenoriatsocial.ro\/index.php\/2025\/07\/25\/demarare-proces-semnare-contracte-de-subventie-in-cadrul-proiectului\/\"},\"wordCount\":107,\"commentCount\":0,\"publisher\":{\"@id\":\"https:\/\/startinantreprenoriatsocial.ro\/#organization\"},\"image\":{\"@id\":\"https:\/\/startinantreprenoriatsocial.ro\/index.php\/2025\/07\/25\/demarare-proces-semnare-contracte-de-subventie-in-cadrul-proiectului\/#primaryimage\"},\"thumbnailUrl\":\"http:\/\/startinantreprenoriatsocial.ro\/wp-content\/uploads\/2025\/07\/WhatsApp-Image-2025-07-25-at-12.57.31.jpeg\",\"articleSection\":[\"Noutati\"],\"inLanguage\":\"ro-RO\",\"potentialAction\":[{\"@type\":\"CommentAction\",\"name\":\"Comment\",\"target\":[\"https:\/\/startinantreprenoriatsocial.ro\/index.php\/2025\/07\/25\/demarare-proces-semnare-contracte-de-subventie-in-cadrul-proiectului\/#respond\"]}]},{\"@type\":\"WebPage\",\"@id\":\"https:\/\/startinantreprenoriatsocial.ro\/index.php\/2025\/07\/25\/demarare-proces-semnare-contracte-de-subventie-in-cadrul-proiectului\/\",\"url\":\"https:\/\/startinantreprenoriatsocial.ro\/index.php\/2025\/07\/25\/demarare-proces-semnare-contracte-de-subventie-in-cadrul-proiectului\/\",\"name\":\"Demarare proces semnare contracte de subventie in cadrul proiectului - Proiect: Start \u00een Antreprenoriatul Social\",\"isPartOf\":{\"@id\":\"https:\/\/startinantreprenoriatsocial.ro\/#website\"},\"primaryImageOfPage\":{\"@id\":\"https:\/\/startinantreprenoriatsocial.ro\/index.php\/2025\/07\/25\/demarare-proces-semnare-contracte-de-subventie-in-cadrul-proiectului\/#primaryimage\"},\"image\":{\"@id\":\"https:\/\/startinantreprenoriatsocial.ro\/index.php\/2025\/07\/25\/demarare-proces-semnare-contracte-de-subventie-in-cadrul-proiectului\/#primaryimage\"},\"thumbnailUrl\":\"http:\/\/startinantreprenoriatsocial.ro\/wp-content\/uploads\/2025\/07\/WhatsApp-Image-2025-07-25-at-12.57.31.jpeg\",\"datePublished\":\"2025-07-25T13:32:46+00:00\",\"dateModified\":\"2025-07-25T13:32:46+00:00\",\"breadcrumb\":{\"@id\":\"https:\/\/startinantreprenoriatsocial.ro\/index.php\/2025\/07\/25\/demarare-proces-semnare-contracte-de-subventie-in-cadrul-proiectului\/#breadcrumb\"},\"inLanguage\":\"ro-RO\",\"potentialAction\":[{\"@type\":\"ReadAction\",\"target\":[\"https:\/\/startinantreprenoriatsocial.ro\/index.php\/2025\/07\/25\/demarare-proces-semnare-contracte-de-subventie-in-cadrul-proiectului\/\"]}]},{\"@type\":\"ImageObject\",\"inLanguage\":\"ro-RO\",\"@id\":\"https:\/\/startinantreprenoriatsocial.ro\/index.php\/2025\/07\/25\/demarare-proces-semnare-contracte-de-subventie-in-cadrul-proiectului\/#primaryimage\",\"url\":\"http:\/\/startinantreprenoriatsocial.ro\/wp-content\/uploads\/2025\/07\/WhatsApp-Image-2025-07-25-at-12.57.31.jpeg\",\"contentUrl\":\"http:\/\/startinantreprenoriatsocial.ro\/wp-content\/uploads\/2025\/07\/WhatsApp-Image-2025-07-25-at-12.57.31.jpeg\",\"width\":1360,\"height\":1600},{\"@type\":\"BreadcrumbList\",\"@id\":\"https:\/\/startinantreprenoriatsocial.ro\/index.php\/2025\/07\/25\/demarare-proces-semnare-contracte-de-subventie-in-cadrul-proiectului\/#breadcrumb\",\"itemListElement\":[{\"@type\":\"ListItem\",\"position\":1,\"name\":\"Prima pagin\u0103\",\"item\":\"https:\/\/startinantreprenoriatsocial.ro\/\"},{\"@type\":\"ListItem\",\"position\":2,\"name\":\"Demarare proces semnare contracte de subventie in cadrul proiectului\"}]},{\"@type\":\"WebSite\",\"@id\":\"https:\/\/startinantreprenoriatsocial.ro\/#website\",\"url\":\"https:\/\/startinantreprenoriatsocial.ro\/\",\"name\":\"Proiect: Start \u00een Antreprenoriatul Social\",\"description\":\"\",\"publisher\":{\"@id\":\"https:\/\/startinantreprenoriatsocial.ro\/#organization\"},\"potentialAction\":[{\"@type\":\"SearchAction\",\"target\":{\"@type\":\"EntryPoint\",\"urlTemplate\":\"https:\/\/startinantreprenoriatsocial.ro\/?s={search_term_string}\"},\"query-input\":\"required name=search_term_string\"}],\"inLanguage\":\"ro-RO\"},{\"@type\":\"Organization\",\"@id\":\"https:\/\/startinantreprenoriatsocial.ro\/#organization\",\"name\":\"Proiect: Start \u00een Antreprenoriatul Social\",\"url\":\"https:\/\/startinantreprenoriatsocial.ro\/\",\"logo\":{\"@type\":\"ImageObject\",\"inLanguage\":\"ro-RO\",\"@id\":\"https:\/\/startinantreprenoriatsocial.ro\/#\/schema\/logo\/image\/\",\"url\":\"https:\/\/startinantreprenoriatsocial.ro\/wp-content\/uploads\/2024\/08\/logostart.jpg\",\"contentUrl\":\"https:\/\/startinantreprenoriatsocial.ro\/wp-content\/uploads\/2024\/08\/logostart.jpg\",\"width\":851,\"height\":851,\"caption\":\"Proiect: Start \u00een Antreprenoriatul Social\"},\"image\":{\"@id\":\"https:\/\/startinantreprenoriatsocial.ro\/#\/schema\/logo\/image\/\"},\"sameAs\":[\"https:\/\/www.facebook.com\/StartInAntreprenoriatulSocial\",\"https:\/\/www.instagram.com\/startinantrepren\/\",\"https:\/\/www.youtube.com\/@StartnAntreprenoriatulSocial\",\"https:\/\/www.tiktok.com\/@startantreprenorsocial\"]},{\"@type\":\"Person\",\"@id\":\"https:\/\/startinantreprenoriatsocial.ro\/#\/schema\/person\/5b63a3070487f65cb0b75840b69f6954\",\"name\":\"adminadmsoc\",\"image\":{\"@type\":\"ImageObject\",\"inLanguage\":\"ro-RO\",\"@id\":\"https:\/\/startinantreprenoriatsocial.ro\/#\/schema\/person\/image\/\",\"url\":\"https:\/\/secure.gravatar.com\/avatar\/f25dfc09de9444805bf8a18cf61bba0bbd7aefa2155259ce52138dfc2090bab3?s=96&d=mm&r=g\",\"contentUrl\":\"https:\/\/secure.gravatar.com\/avatar\/f25dfc09de9444805bf8a18cf61bba0bbd7aefa2155259ce52138dfc2090bab3?s=96&d=mm&r=g\",\"caption\":\"adminadmsoc\"},\"sameAs\":[\"http:\/\/startinantreprenoriatsocial.ro\"],\"url\":\"http:\/\/startinantreprenoriatsocial.ro\/index.php\/author\/adminadmsoc\/\"}]}<\/script>\n<!-- \/ Yoast SEO plugin. -->","yoast_head_json":{"title":"Demarare proces semnare contracte de subventie in cadrul proiectului - Proiect: Start \u00een Antreprenoriatul Social","robots":{"index":"index","follow":"follow","max-snippet":"max-snippet:-1","max-image-preview":"max-image-preview:large","max-video-preview":"max-video-preview:-1"},"canonical":"https:\/\/startinantreprenoriatsocial.ro\/index.php\/2025\/07\/25\/demarare-proces-semnare-contracte-de-subventie-in-cadrul-proiectului\/","og_locale":"ro_RO","og_type":"article","og_title":"Demarare proces semnare contracte de subventie in cadrul proiectului - Proiect: Start \u00een Antreprenoriatul Social","og_description":"\ud83d\udce2 Ve\u0219ti bune din cadrul proiectului nostru! \ud83c\udf89 Ast\u0103zi am semnat primul contract de subven\u021bie \u00een cadrul Apelului \u201eSprijin pentru \u00eenfiin\u021barea de \u00eentreprinderi \u00een mediul rural\u201d! \ud83d\udc4f Felicit\u0103m \u0219i \u00eei ur\u0103m mult succes tinerei antreprenoare care face astfel primul pas concret spre propriul s\u0103u vis antreprenorial! Suntem m\u00e2ndri c\u0103 putem contribui la dezvoltarea mediului rural &hellip;","og_url":"https:\/\/startinantreprenoriatsocial.ro\/index.php\/2025\/07\/25\/demarare-proces-semnare-contracte-de-subventie-in-cadrul-proiectului\/","og_site_name":"Proiect: Start \u00een Antreprenoriatul Social","article_publisher":"https:\/\/www.facebook.com\/StartInAntreprenoriatulSocial","article_published_time":"2025-07-25T13:32:46+00:00","og_image":[{"width":1360,"height":1600,"url":"https:\/\/startinantreprenoriatsocial.ro\/wp-content\/uploads\/2025\/07\/WhatsApp-Image-2025-07-25-at-12.57.31.jpeg","type":"image\/jpeg"}],"author":"adminadmsoc","twitter_card":"summary_large_image","twitter_misc":{"Scris de":"adminadmsoc","Timp estimat pentru citire":"1 minut"},"schema":{"@context":"https:\/\/schema.org","@graph":[{"@type":"Article","@id":"https:\/\/startinantreprenoriatsocial.ro\/index.php\/2025\/07\/25\/demarare-proces-semnare-contracte-de-subventie-in-cadrul-proiectului\/#article","isPartOf":{"@id":"https:\/\/startinantreprenoriatsocial.ro\/index.php\/2025\/07\/25\/demarare-proces-semnare-contracte-de-subventie-in-cadrul-proiectului\/"},"author":{"name":"adminadmsoc","@id":"https:\/\/startinantreprenoriatsocial.ro\/#\/schema\/person\/5b63a3070487f65cb0b75840b69f6954"},"headline":"Demarare proces semnare contracte de subventie in cadrul proiectului","datePublished":"2025-07-25T13:32:46+00:00","dateModified":"2025-07-25T13:32:46+00:00","mainEntityOfPage":{"@id":"https:\/\/startinantreprenoriatsocial.ro\/index.php\/2025\/07\/25\/demarare-proces-semnare-contracte-de-subventie-in-cadrul-proiectului\/"},"wordCount":107,"commentCount":0,"publisher":{"@id":"https:\/\/startinantreprenoriatsocial.ro\/#organization"},"image":{"@id":"https:\/\/startinantreprenoriatsocial.ro\/index.php\/2025\/07\/25\/demarare-proces-semnare-contracte-de-subventie-in-cadrul-proiectului\/#primaryimage"},"thumbnailUrl":"http:\/\/startinantreprenoriatsocial.ro\/wp-content\/uploads\/2025\/07\/WhatsApp-Image-2025-07-25-at-12.57.31.jpeg","articleSection":["Noutati"],"inLanguage":"ro-RO","potentialAction":[{"@type":"CommentAction","name":"Comment","target":["https:\/\/startinantreprenoriatsocial.ro\/index.php\/2025\/07\/25\/demarare-proces-semnare-contracte-de-subventie-in-cadrul-proiectului\/#respond"]}]},{"@type":"WebPage","@id":"https:\/\/startinantreprenoriatsocial.ro\/index.php\/2025\/07\/25\/demarare-proces-semnare-contracte-de-subventie-in-cadrul-proiectului\/","url":"https:\/\/startinantreprenoriatsocial.ro\/index.php\/2025\/07\/25\/demarare-proces-semnare-contracte-de-subventie-in-cadrul-proiectului\/","name":"Demarare proces semnare contracte de subventie in cadrul proiectului - Proiect: Start \u00een Antreprenoriatul Social","isPartOf":{"@id":"https:\/\/startinantreprenoriatsocial.ro\/#website"},"primaryImageOfPage":{"@id":"https:\/\/startinantreprenoriatsocial.ro\/index.php\/2025\/07\/25\/demarare-proces-semnare-contracte-de-subventie-in-cadrul-proiectului\/#primaryimage"},"image":{"@id":"https:\/\/startinantreprenoriatsocial.ro\/index.php\/2025\/07\/25\/demarare-proces-semnare-contracte-de-subventie-in-cadrul-proiectului\/#primaryimage"},"thumbnailUrl":"http:\/\/startinantreprenoriatsocial.ro\/wp-content\/uploads\/2025\/07\/WhatsApp-Image-2025-07-25-at-12.57.31.jpeg","datePublished":"2025-07-25T13:32:46+00:00","dateModified":"2025-07-25T13:32:46+00:00","breadcrumb":{"@id":"https:\/\/startinantreprenoriatsocial.ro\/index.php\/2025\/07\/25\/demarare-proces-semnare-contracte-de-subventie-in-cadrul-proiectului\/#breadcrumb"},"inLanguage":"ro-RO","potentialAction":[{"@type":"ReadAction","target":["https:\/\/startinantreprenoriatsocial.ro\/index.php\/2025\/07\/25\/demarare-proces-semnare-contracte-de-subventie-in-cadrul-proiectului\/"]}]},{"@type":"ImageObject","inLanguage":"ro-RO","@id":"https:\/\/startinantreprenoriatsocial.ro\/index.php\/2025\/07\/25\/demarare-proces-semnare-contracte-de-subventie-in-cadrul-proiectului\/#primaryimage","url":"http:\/\/startinantreprenoriatsocial.ro\/wp-content\/uploads\/2025\/07\/WhatsApp-Image-2025-07-25-at-12.57.31.jpeg","contentUrl":"http:\/\/startinantreprenoriatsocial.ro\/wp-content\/uploads\/2025\/07\/WhatsApp-Image-2025-07-25-at-12.57.31.jpeg","width":1360,"height":1600},{"@type":"BreadcrumbList","@id":"https:\/\/startinantreprenoriatsocial.ro\/index.php\/2025\/07\/25\/demarare-proces-semnare-contracte-de-subventie-in-cadrul-proiectului\/#breadcrumb","itemListElement":[{"@type":"ListItem","position":1,"name":"Prima pagin\u0103","item":"https:\/\/startinantreprenoriatsocial.ro\/"},{"@type":"ListItem","position":2,"name":"Demarare proces semnare contracte de subventie in cadrul proiectului"}]},{"@type":"WebSite","@id":"https:\/\/startinantreprenoriatsocial.ro\/#website","url":"https:\/\/startinantreprenoriatsocial.ro\/","name":"Proiect: Start \u00een Antreprenoriatul Social","description":"","publisher":{"@id":"https:\/\/startinantreprenoriatsocial.ro\/#organization"},"potentialAction":[{"@type":"SearchAction","target":{"@type":"EntryPoint","urlTemplate":"https:\/\/startinantreprenoriatsocial.ro\/?s={search_term_string}"},"query-input":"required name=search_term_string"}],"inLanguage":"ro-RO"},{"@type":"Organization","@id":"https:\/\/startinantreprenoriatsocial.ro\/#organization","name":"Proiect: Start \u00een Antreprenoriatul Social","url":"https:\/\/startinantreprenoriatsocial.ro\/","logo":{"@type":"ImageObject","inLanguage":"ro-RO","@id":"https:\/\/startinantreprenoriatsocial.ro\/#\/schema\/logo\/image\/","url":"https:\/\/startinantreprenoriatsocial.ro\/wp-content\/uploads\/2024\/08\/logostart.jpg","contentUrl":"https:\/\/startinantreprenoriatsocial.ro\/wp-content\/uploads\/2024\/08\/logostart.jpg","width":851,"height":851,"caption":"Proiect: Start \u00een Antreprenoriatul Social"},"image":{"@id":"https:\/\/startinantreprenoriatsocial.ro\/#\/schema\/logo\/image\/"},"sameAs":["https:\/\/www.facebook.com\/StartInAntreprenoriatulSocial","https:\/\/www.instagram.com\/startinantrepren\/","https:\/\/www.youtube.com\/@StartnAntreprenoriatulSocial","https:\/\/www.tiktok.com\/@startantreprenorsocial"]},{"@type":"Person","@id":"https:\/\/startinantreprenoriatsocial.ro\/#\/schema\/person\/5b63a3070487f65cb0b75840b69f6954","name":"adminadmsoc","image":{"@type":"ImageObject","inLanguage":"ro-RO","@id":"https:\/\/startinantreprenoriatsocial.ro\/#\/schema\/person\/image\/","url":"https:\/\/secure.gravatar.com\/avatar\/f25dfc09de9444805bf8a18cf61bba0bbd7aefa2155259ce52138dfc2090bab3?s=96&d=mm&r=g","contentUrl":"https:\/\/secure.gravatar.com\/avatar\/f25dfc09de9444805bf8a18cf61bba0bbd7aefa2155259ce52138dfc2090bab3?s=96&d=mm&r=g","caption":"adminadmsoc"},"sameAs":["http:\/\/startinantreprenoriatsocial.ro"],"url":"http:\/\/startinantreprenoriatsocial.ro\/index.php\/author\/adminadmsoc\/"}]}},"_links":{"self":[{"href":"http:\/\/startinantreprenoriatsocial.ro\/index.php\/wp-json\/wp\/v2\/posts\/292","targetHints":{"allow":["GET"]}}],"collection":[{"href":"http:\/\/startinantreprenoriatsocial.ro\/index.php\/wp-json\/wp\/v2\/posts"}],"about":[{"href":"http:\/\/startinantreprenoriatsocial.ro\/index.php\/wp-json\/wp\/v2\/types\/post"}],"author":[{"embeddable":true,"href":"http:\/\/startinantreprenoriatsocial.ro\/index.php\/wp-json\/wp\/v2\/users\/1"}],"replies":[{"embeddable":true,"href":"http:\/\/startinantreprenoriatsocial.ro\/index.php\/wp-json\/wp\/v2\/comments?post=292"}],"version-history":[{"count":1,"href":"http:\/\/startinantreprenoriatsocial.ro\/index.php\/wp-json\/wp\/v2\/posts\/292\/revisions"}],"predecessor-version":[{"id":294,"href":"http:\/\/startinantreprenoriatsocial.ro\/index.php\/wp-json\/wp\/v2\/posts\/292\/revisions\/294"}],"wp:featuredmedia":[{"embeddable":true,"href":"http:\/\/startinantreprenoriatsocial.ro\/index.php\/wp-json\/wp\/v2\/media\/293"}],"wp:attachment":[{"href":"http:\/\/startinantreprenoriatsocial.ro\/index.php\/wp-json\/wp\/v2\/media?parent=292"}],"wp:term":[{"taxonomy":"category","embeddable":true,"href":"http:\/\/startinantreprenoriatsocial.ro\/index.php\/wp-json\/wp\/v2\/categories?post=292"},{"taxonomy":"post_tag","embeddable":true,"href":"http:\/\/startinantreprenoriatsocial.ro\/index.php\/wp-json\/wp\/v2\/tags?post=292"}],"curies":[{"name":"wp","href":"https:\/\/api.w.org\/{rel}","templated":true}]}}