{"id":82,"date":"2024-09-01T00:04:14","date_gmt":"2024-09-01T00:04:14","guid":{"rendered":"https:\/\/startinantreprenoriatsocial.ro\/?p=82"},"modified":"2024-09-02T08:55:12","modified_gmt":"2024-09-02T08:55:12","slug":"proiectul-start-in-antreprenoriat-social-sprijin-pentru-dezvoltarea-afacerilor-sociale-in-romania","status":"publish","type":"post","link":"http:\/\/startinantreprenoriatsocial.ro\/index.php\/2024\/09\/01\/proiectul-start-in-antreprenoriat-social-sprijin-pentru-dezvoltarea-afacerilor-sociale-in-romania\/","title":{"rendered":"Proiectul \u201eSTART \u00een Antreprenoriat Social\u201d &#8211; Sprijin pentru dezvoltarea afacerilor sociale \u00een Rom\u00e2nia"},"content":{"rendered":"<p>Proiectul \u201eSTART \u00een Antreprenoriat Social\u201d reprezint\u0103 o ini\u021biativ\u0103 important\u0103 pentru dezvoltarea antreprenoriatului social \u00een Rom\u00e2nia. Acest proiect ofer\u0103 oportunit\u0103\u021bi de finan\u021bare pentru un num\u0103r semnificativ de planuri de afaceri, \u00eencuraj\u00e2nd persoanele care doresc s\u0103 \u00ee\u0219i dezvolte propriile afaceri s\u0103 se implice \u00een economia social\u0103.<\/p>\n<p>Proiectul se adreseaz\u0103 celor care doresc s\u0103 \u00ee\u0219i \u00eenfiin\u021beze \u00eentreprinderi sociale \u0219i s\u0103 contribuie la bun\u0103starea comunit\u0103\u021bilor locale. Prin finan\u021barea unor planuri de afaceri, proiectul nu doar c\u0103 sprijin\u0103 dezvoltarea economic\u0103, dar \u0219i promoveaz\u0103 valorile sociale, precum incluziunea, solidaritatea \u0219i responsabilitatea social\u0103. \u00centreprinderile sociale sunt acele afaceri care, pe l\u00e2ng\u0103 ob\u021binerea de profit, urm\u0103resc \u0219i rezolvarea unor probleme sociale sau de mediu, contribuind astfel la dezvoltarea sustenabil\u0103 a comunit\u0103\u021bii.<\/p>\n<p>\u00cen cadrul acestui proiect, sunt finan\u021bate planuri de afaceri care se concentreaz\u0103 pe diverse domenii, de la protec\u021bia mediului, educa\u021bie \u0219i s\u0103n\u0103tate, p\u00e2n\u0103 la servicii sociale \u0219i incluziune pe pia\u021ba muncii a persoanelor vulnerabile. Astfel, \u201eSTART \u00een Antreprenoriat Social\u201d joac\u0103 un rol esen\u021bial \u00een dezvoltarea antreprenoriatului social \u00een Rom\u00e2nia, oferind at\u00e2t suport financiar, c\u00e2t \u0219i instruire \u0219i consultan\u021b\u0103 pentru viitorii antreprenori.<\/p>\n<p><strong>Ce \u00eenseamn\u0103 s\u0103 fii antreprenor?<\/strong><\/p>\n<p>A fi antreprenor \u00eenseamn\u0103 mai mult dec\u00e2t a de\u021bine o afacere; \u00eenseamn\u0103 a avea curajul s\u0103 \u00ee\u021bi asumi riscuri, s\u0103 inovezi \u0219i s\u0103 creezi valoare. Antreprenorii sunt persoane care identific\u0103 oportunit\u0103\u021bi \u00een pia\u021b\u0103 \u0219i dezvolt\u0103 produse sau servicii care r\u0103spund nevoilor clien\u021bilor. Ei sunt dispu\u0219i s\u0103 investeasc\u0103 timp, bani \u0219i efort pentru a transforma o idee \u00eentr-o afacere de succes.<\/p>\n<p>Un antreprenor social, \u00een particular, se concentreaz\u0103 nu doar pe profit, ci \u0219i pe impactul pozitiv pe care afacerea sa \u00eel poate avea asupra societ\u0103\u021bii. Aceasta poate \u00eensemna angajarea persoanelor din grupuri vulnerabile, dezvoltarea de produse ecologice sau furnizarea de servicii care \u00eembun\u0103t\u0103\u021besc calitatea vie\u021bii \u00een comunitate.<\/p>\n<p><strong>Angajat sau antreprenor? Care este mai bine?<\/strong><\/p>\n<p>Decizia de a deveni antreprenor sau de a r\u0103m\u00e2ne angajat depinde de o serie de factori personali \u0219i contextuali. Fiecare op\u021biune are avantaje \u0219i dezavantaje specifice.<\/p>\n<p>Ca angajat, ai stabilitatea unui salariu fix, beneficii sociale, precum asigur\u0103ri de s\u0103n\u0103tate \u0219i concedii pl\u0103tite, \u0219i de multe ori ai un program de lucru fix. De asemenea, ai \u0219ansa de a lucra \u00eentr-o echip\u0103, de a \u00eenv\u0103\u021ba de la colegi \u0219i de a beneficia de form\u0103ri profesionale. \u00cens\u0103, ca angajat, ai mai pu\u021bin\u0103 libertate \u00een luarea deciziilor \u0219i depinzi de direc\u021bia \u0219i viziunea companiei pentru care lucrezi.<\/p>\n<p>Pe de alt\u0103 parte, a fi antreprenor \u00ee\u021bi ofer\u0103 libertatea de a-\u021bi urma propriile visuri \u0219i de a lua propriile decizii. Antreprenorii au posibilitatea de a-\u0219i gestiona propriul timp, de a lucra \u00een ritmul lor \u0219i de a crea ceva nou. Cu toate acestea, antreprenoriatul vine cu un grad ridicat de incertitudine \u0219i riscuri financiare. Succesul nu este garantat, iar antreprenorii trebuie s\u0103 fie preg\u0103ti\u021bi s\u0103 \u00eenfrunte e\u0219ecuri \u0219i s\u0103 \u00ee\u0219i adapteze strategia constant.<\/p>\n<p>\u00cen cazul antreprenorilor sociali, satisfac\u021bia vine nu doar din succesul financiar, ci \u0219i din impactul pozitiv pe care \u00eel au asupra comunit\u0103\u021bii. Ace\u0219tia reu\u0219esc s\u0103 combine profitul cu binele social, cre\u00e2nd modele de afaceri sustenabile \u0219i responsabile.<\/p>\n<p><strong>Ce \u00eenseamn\u0103 economia social\u0103?<\/strong><\/p>\n<p>Economia social\u0103 reprezint\u0103 un sector economic care se concentreaz\u0103 pe bun\u0103starea social\u0103 \u0219i pe beneficiul comunit\u0103\u021bii, mai degrab\u0103 dec\u00e2t pe maximizarea profitului individual. \u00centreprinderile din economia social\u0103, cum ar fi cooperativele, asocia\u021biile, funda\u021biile \u0219i \u00eentreprinderile sociale, sunt create pentru a r\u0103spunde unor nevoi sociale \u0219i pentru a aduce un impact pozitiv asupra comunit\u0103\u021bilor.<\/p>\n<p>Aceste \u00eentreprinderi func\u021bioneaz\u0103 pe principii de solidaritate \u0219i incluziune, oferind oportunit\u0103\u021bi de munc\u0103 \u0219i dezvoltare pentru persoane care, \u00een mod tradi\u021bional, au avut dificult\u0103\u021bi \u00een a accesa pia\u021ba muncii. De asemenea, ele contribuie la dezvoltarea local\u0103 \u0219i la coeziunea social\u0103, oferind servicii esen\u021biale comunit\u0103\u021bii \u0219i promov\u00e2nd o economie durabil\u0103 \u0219i echitabil\u0103.<\/p>\n<p>Proiectul \u201eSTART \u00een Antreprenoriat Social\u201d este un exemplu excelent de ini\u021biativ\u0103 care sprijin\u0103 economia social\u0103 \u00een Rom\u00e2nia. Prin finan\u021barea \u0219i sus\u021binerea planurilor de afaceri orientate spre beneficiul comunit\u0103\u021bii, acest proiect contribuie la crearea unei economii mai juste \u0219i mai sustenabile, oferind oportunit\u0103\u021bi pentru to\u021bi cei care doresc s\u0103 \u00ee\u0219i aduc\u0103 contribu\u021bia la dezvoltarea societ\u0103\u021bii. Astfel, antreprenoriatul social devine o cale prin care individul poate contribui la schimbarea \u00een bine a comunit\u0103\u021bii sale \u0219i poate construi o afacere de succes.<\/p>\n<p>Photo by fauxels: https:\/\/www.pexels.com\/photo\/people-discuss-about-graphs-and-rates-3184292\/<\/p>\n","protected":false},"excerpt":{"rendered":"<p>Proiectul \u201eSTART \u00een Antreprenoriat Social\u201d reprezint\u0103 o ini\u021biativ\u0103 important\u0103 pentru dezvoltarea antreprenoriatului social \u00een Rom\u00e2nia. Acest proiect ofer\u0103 oportunit\u0103\u021bi de finan\u021bare pentru un num\u0103r semnificativ de planuri de afaceri, \u00eencuraj\u00e2nd persoanele care doresc s\u0103 \u00ee\u0219i dezvolte propriile afaceri s\u0103 se implice \u00een economia social\u0103. Proiectul se adreseaz\u0103 celor care doresc s\u0103 \u00ee\u0219i \u00eenfiin\u021beze \u00eentreprinderi sociale &hellip; <\/p>\n","protected":false},"author":1,"featured_media":83,"comment_status":"open","ping_status":"open","sticky":false,"template":"","format":"standard","meta":{"footnotes":""},"categories":[5,6],"tags":[7,8,9],"class_list":["post-82","post","type-post","status-publish","format-standard","has-post-thumbnail","hentry","category-articole","category-noutati","tag-antreprenoriat","tag-economie-sociala","tag-fonduri-nerambursabile","grid-sizer"],"yoast_head":"<!-- This site is optimized with the Yoast SEO plugin v23.3 - https:\/\/yoast.com\/wordpress\/plugins\/seo\/ -->\n<title>Proiectul \u201eSTART \u00een Antreprenoriat Social\u201d - Sprijin pentru dezvoltarea afacerilor sociale \u00een Rom\u00e2nia - Proiect: Start \u00een Antreprenoriatul Social<\/title>\n<meta name=\"description\" content=\"Proiectul \u201eSTART \u00een Antreprenoriat Social\u201d reprezint\u0103 o ini\u021biativ\u0103 important\u0103 pentru dezvoltarea antreprenoriatului social \u00een Rom\u00e2nia.\" \/>\n<meta name=\"robots\" content=\"index, follow, max-snippet:-1, max-image-preview:large, max-video-preview:-1\" \/>\n<link rel=\"canonical\" href=\"http:\/\/startinantreprenoriatsocial.ro\/index.php\/2024\/09\/01\/proiectul-start-in-antreprenoriat-social-sprijin-pentru-dezvoltarea-afacerilor-sociale-in-romania\/\" \/>\n<meta property=\"og:locale\" content=\"ro_RO\" \/>\n<meta property=\"og:type\" content=\"article\" \/>\n<meta property=\"og:title\" content=\"Proiectul \u201eSTART \u00een Antreprenoriat Social\u201d - Sprijin pentru dezvoltarea afacerilor sociale \u00een Rom\u00e2nia - Proiect: Start \u00een Antreprenoriatul Social\" \/>\n<meta property=\"og:description\" content=\"Proiectul \u201eSTART \u00een Antreprenoriat Social\u201d reprezint\u0103 o ini\u021biativ\u0103 important\u0103 pentru dezvoltarea antreprenoriatului social \u00een Rom\u00e2nia.\" \/>\n<meta property=\"og:url\" content=\"http:\/\/startinantreprenoriatsocial.ro\/index.php\/2024\/09\/01\/proiectul-start-in-antreprenoriat-social-sprijin-pentru-dezvoltarea-afacerilor-sociale-in-romania\/\" \/>\n<meta property=\"og:site_name\" content=\"Proiect: Start \u00een Antreprenoriatul Social\" \/>\n<meta property=\"article:publisher\" content=\"https:\/\/www.facebook.com\/StartInAntreprenoriatulSocial\" \/>\n<meta property=\"article:published_time\" content=\"2024-09-01T00:04:14+00:00\" \/>\n<meta property=\"article:modified_time\" content=\"2024-09-02T08:55:12+00:00\" \/>\n<meta property=\"og:image\" content=\"http:\/\/startinantreprenoriatsocial.ro\/wp-content\/uploads\/2024\/08\/pexels-fauxels-3184292-scaled.jpg\" \/>\n\t<meta property=\"og:image:width\" content=\"2560\" \/>\n\t<meta property=\"og:image:height\" content=\"1440\" \/>\n\t<meta property=\"og:image:type\" content=\"image\/jpeg\" \/>\n<meta name=\"author\" content=\"adminadmsoc\" \/>\n<meta name=\"twitter:card\" content=\"summary_large_image\" \/>\n<meta name=\"twitter:label1\" content=\"Scris de\" \/>\n\t<meta name=\"twitter:data1\" content=\"adminadmsoc\" \/>\n\t<meta name=\"twitter:label2\" content=\"Timp estimat pentru citire\" \/>\n\t<meta name=\"twitter:data2\" content=\"4 minute\" \/>\n<script type=\"application\/ld+json\" class=\"yoast-schema-graph\">{\"@context\":\"https:\/\/schema.org\",\"@graph\":[{\"@type\":\"Article\",\"@id\":\"http:\/\/startinantreprenoriatsocial.ro\/index.php\/2024\/09\/01\/proiectul-start-in-antreprenoriat-social-sprijin-pentru-dezvoltarea-afacerilor-sociale-in-romania\/#article\",\"isPartOf\":{\"@id\":\"http:\/\/startinantreprenoriatsocial.ro\/index.php\/2024\/09\/01\/proiectul-start-in-antreprenoriat-social-sprijin-pentru-dezvoltarea-afacerilor-sociale-in-romania\/\"},\"author\":{\"name\":\"adminadmsoc\",\"@id\":\"https:\/\/startinantreprenoriatsocial.ro\/#\/schema\/person\/5b63a3070487f65cb0b75840b69f6954\"},\"headline\":\"Proiectul \u201eSTART \u00een Antreprenoriat Social\u201d &#8211; Sprijin pentru dezvoltarea afacerilor sociale \u00een Rom\u00e2nia\",\"datePublished\":\"2024-09-01T00:04:14+00:00\",\"dateModified\":\"2024-09-02T08:55:12+00:00\",\"mainEntityOfPage\":{\"@id\":\"http:\/\/startinantreprenoriatsocial.ro\/index.php\/2024\/09\/01\/proiectul-start-in-antreprenoriat-social-sprijin-pentru-dezvoltarea-afacerilor-sociale-in-romania\/\"},\"wordCount\":789,\"commentCount\":0,\"publisher\":{\"@id\":\"https:\/\/startinantreprenoriatsocial.ro\/#organization\"},\"image\":{\"@id\":\"http:\/\/startinantreprenoriatsocial.ro\/index.php\/2024\/09\/01\/proiectul-start-in-antreprenoriat-social-sprijin-pentru-dezvoltarea-afacerilor-sociale-in-romania\/#primaryimage\"},\"thumbnailUrl\":\"http:\/\/startinantreprenoriatsocial.ro\/wp-content\/uploads\/2024\/08\/pexels-fauxels-3184292-scaled.jpg\",\"keywords\":[\"antreprenoriat\",\"economie sociala\",\"fonduri nerambursabile\"],\"articleSection\":[\"Articole\",\"Noutati\"],\"inLanguage\":\"ro-RO\",\"potentialAction\":[{\"@type\":\"CommentAction\",\"name\":\"Comment\",\"target\":[\"http:\/\/startinantreprenoriatsocial.ro\/index.php\/2024\/09\/01\/proiectul-start-in-antreprenoriat-social-sprijin-pentru-dezvoltarea-afacerilor-sociale-in-romania\/#respond\"]}]},{\"@type\":\"WebPage\",\"@id\":\"http:\/\/startinantreprenoriatsocial.ro\/index.php\/2024\/09\/01\/proiectul-start-in-antreprenoriat-social-sprijin-pentru-dezvoltarea-afacerilor-sociale-in-romania\/\",\"url\":\"http:\/\/startinantreprenoriatsocial.ro\/index.php\/2024\/09\/01\/proiectul-start-in-antreprenoriat-social-sprijin-pentru-dezvoltarea-afacerilor-sociale-in-romania\/\",\"name\":\"Proiectul \u201eSTART \u00een Antreprenoriat Social\u201d - Sprijin pentru dezvoltarea afacerilor sociale \u00een Rom\u00e2nia - Proiect: Start \u00een Antreprenoriatul Social\",\"isPartOf\":{\"@id\":\"https:\/\/startinantreprenoriatsocial.ro\/#website\"},\"primaryImageOfPage\":{\"@id\":\"http:\/\/startinantreprenoriatsocial.ro\/index.php\/2024\/09\/01\/proiectul-start-in-antreprenoriat-social-sprijin-pentru-dezvoltarea-afacerilor-sociale-in-romania\/#primaryimage\"},\"image\":{\"@id\":\"http:\/\/startinantreprenoriatsocial.ro\/index.php\/2024\/09\/01\/proiectul-start-in-antreprenoriat-social-sprijin-pentru-dezvoltarea-afacerilor-sociale-in-romania\/#primaryimage\"},\"thumbnailUrl\":\"http:\/\/startinantreprenoriatsocial.ro\/wp-content\/uploads\/2024\/08\/pexels-fauxels-3184292-scaled.jpg\",\"datePublished\":\"2024-09-01T00:04:14+00:00\",\"dateModified\":\"2024-09-02T08:55:12+00:00\",\"description\":\"Proiectul \u201eSTART \u00een Antreprenoriat Social\u201d reprezint\u0103 o ini\u021biativ\u0103 important\u0103 pentru dezvoltarea antreprenoriatului social \u00een Rom\u00e2nia.\",\"breadcrumb\":{\"@id\":\"http:\/\/startinantreprenoriatsocial.ro\/index.php\/2024\/09\/01\/proiectul-start-in-antreprenoriat-social-sprijin-pentru-dezvoltarea-afacerilor-sociale-in-romania\/#breadcrumb\"},\"inLanguage\":\"ro-RO\",\"potentialAction\":[{\"@type\":\"ReadAction\",\"target\":[\"http:\/\/startinantreprenoriatsocial.ro\/index.php\/2024\/09\/01\/proiectul-start-in-antreprenoriat-social-sprijin-pentru-dezvoltarea-afacerilor-sociale-in-romania\/\"]}]},{\"@type\":\"ImageObject\",\"inLanguage\":\"ro-RO\",\"@id\":\"http:\/\/startinantreprenoriatsocial.ro\/index.php\/2024\/09\/01\/proiectul-start-in-antreprenoriat-social-sprijin-pentru-dezvoltarea-afacerilor-sociale-in-romania\/#primaryimage\",\"url\":\"http:\/\/startinantreprenoriatsocial.ro\/wp-content\/uploads\/2024\/08\/pexels-fauxels-3184292-scaled.jpg\",\"contentUrl\":\"http:\/\/startinantreprenoriatsocial.ro\/wp-content\/uploads\/2024\/08\/pexels-fauxels-3184292-scaled.jpg\",\"width\":2560,\"height\":1440},{\"@type\":\"BreadcrumbList\",\"@id\":\"http:\/\/startinantreprenoriatsocial.ro\/index.php\/2024\/09\/01\/proiectul-start-in-antreprenoriat-social-sprijin-pentru-dezvoltarea-afacerilor-sociale-in-romania\/#breadcrumb\",\"itemListElement\":[{\"@type\":\"ListItem\",\"position\":1,\"name\":\"Prima pagin\u0103\",\"item\":\"https:\/\/startinantreprenoriatsocial.ro\/\"},{\"@type\":\"ListItem\",\"position\":2,\"name\":\"Proiectul \u201eSTART \u00een Antreprenoriat Social\u201d &#8211; Sprijin pentru dezvoltarea afacerilor sociale \u00een Rom\u00e2nia\"}]},{\"@type\":\"WebSite\",\"@id\":\"https:\/\/startinantreprenoriatsocial.ro\/#website\",\"url\":\"https:\/\/startinantreprenoriatsocial.ro\/\",\"name\":\"Proiect: Start \u00een Antreprenoriatul Social\",\"description\":\"\",\"publisher\":{\"@id\":\"https:\/\/startinantreprenoriatsocial.ro\/#organization\"},\"potentialAction\":[{\"@type\":\"SearchAction\",\"target\":{\"@type\":\"EntryPoint\",\"urlTemplate\":\"https:\/\/startinantreprenoriatsocial.ro\/?s={search_term_string}\"},\"query-input\":\"required name=search_term_string\"}],\"inLanguage\":\"ro-RO\"},{\"@type\":\"Organization\",\"@id\":\"https:\/\/startinantreprenoriatsocial.ro\/#organization\",\"name\":\"Proiect: Start \u00een Antreprenoriatul Social\",\"url\":\"https:\/\/startinantreprenoriatsocial.ro\/\",\"logo\":{\"@type\":\"ImageObject\",\"inLanguage\":\"ro-RO\",\"@id\":\"https:\/\/startinantreprenoriatsocial.ro\/#\/schema\/logo\/image\/\",\"url\":\"https:\/\/startinantreprenoriatsocial.ro\/wp-content\/uploads\/2024\/08\/logostart.jpg\",\"contentUrl\":\"https:\/\/startinantreprenoriatsocial.ro\/wp-content\/uploads\/2024\/08\/logostart.jpg\",\"width\":851,\"height\":851,\"caption\":\"Proiect: Start \u00een Antreprenoriatul Social\"},\"image\":{\"@id\":\"https:\/\/startinantreprenoriatsocial.ro\/#\/schema\/logo\/image\/\"},\"sameAs\":[\"https:\/\/www.facebook.com\/StartInAntreprenoriatulSocial\",\"https:\/\/www.instagram.com\/startinantrepren\/\",\"https:\/\/www.youtube.com\/@StartnAntreprenoriatulSocial\",\"https:\/\/www.tiktok.com\/@startantreprenorsocial\"]},{\"@type\":\"Person\",\"@id\":\"https:\/\/startinantreprenoriatsocial.ro\/#\/schema\/person\/5b63a3070487f65cb0b75840b69f6954\",\"name\":\"adminadmsoc\",\"image\":{\"@type\":\"ImageObject\",\"inLanguage\":\"ro-RO\",\"@id\":\"https:\/\/startinantreprenoriatsocial.ro\/#\/schema\/person\/image\/\",\"url\":\"https:\/\/secure.gravatar.com\/avatar\/f25dfc09de9444805bf8a18cf61bba0bbd7aefa2155259ce52138dfc2090bab3?s=96&d=mm&r=g\",\"contentUrl\":\"https:\/\/secure.gravatar.com\/avatar\/f25dfc09de9444805bf8a18cf61bba0bbd7aefa2155259ce52138dfc2090bab3?s=96&d=mm&r=g\",\"caption\":\"adminadmsoc\"},\"sameAs\":[\"http:\/\/startinantreprenoriatsocial.ro\"],\"url\":\"http:\/\/startinantreprenoriatsocial.ro\/index.php\/author\/adminadmsoc\/\"}]}<\/script>\n<!-- \/ Yoast SEO plugin. -->","yoast_head_json":{"title":"Proiectul \u201eSTART \u00een Antreprenoriat Social\u201d - Sprijin pentru dezvoltarea afacerilor sociale \u00een Rom\u00e2nia - Proiect: Start \u00een Antreprenoriatul Social","description":"Proiectul \u201eSTART \u00een Antreprenoriat Social\u201d reprezint\u0103 o ini\u021biativ\u0103 important\u0103 pentru dezvoltarea antreprenoriatului social \u00een Rom\u00e2nia.","robots":{"index":"index","follow":"follow","max-snippet":"max-snippet:-1","max-image-preview":"max-image-preview:large","max-video-preview":"max-video-preview:-1"},"canonical":"http:\/\/startinantreprenoriatsocial.ro\/index.php\/2024\/09\/01\/proiectul-start-in-antreprenoriat-social-sprijin-pentru-dezvoltarea-afacerilor-sociale-in-romania\/","og_locale":"ro_RO","og_type":"article","og_title":"Proiectul \u201eSTART \u00een Antreprenoriat Social\u201d - Sprijin pentru dezvoltarea afacerilor sociale \u00een Rom\u00e2nia - Proiect: Start \u00een Antreprenoriatul Social","og_description":"Proiectul \u201eSTART \u00een Antreprenoriat Social\u201d reprezint\u0103 o ini\u021biativ\u0103 important\u0103 pentru dezvoltarea antreprenoriatului social \u00een Rom\u00e2nia.","og_url":"http:\/\/startinantreprenoriatsocial.ro\/index.php\/2024\/09\/01\/proiectul-start-in-antreprenoriat-social-sprijin-pentru-dezvoltarea-afacerilor-sociale-in-romania\/","og_site_name":"Proiect: Start \u00een Antreprenoriatul Social","article_publisher":"https:\/\/www.facebook.com\/StartInAntreprenoriatulSocial","article_published_time":"2024-09-01T00:04:14+00:00","article_modified_time":"2024-09-02T08:55:12+00:00","og_image":[{"width":2560,"height":1440,"url":"http:\/\/startinantreprenoriatsocial.ro\/wp-content\/uploads\/2024\/08\/pexels-fauxels-3184292-scaled.jpg","type":"image\/jpeg"}],"author":"adminadmsoc","twitter_card":"summary_large_image","twitter_misc":{"Scris de":"adminadmsoc","Timp estimat pentru citire":"4 minute"},"schema":{"@context":"https:\/\/schema.org","@graph":[{"@type":"Article","@id":"http:\/\/startinantreprenoriatsocial.ro\/index.php\/2024\/09\/01\/proiectul-start-in-antreprenoriat-social-sprijin-pentru-dezvoltarea-afacerilor-sociale-in-romania\/#article","isPartOf":{"@id":"http:\/\/startinantreprenoriatsocial.ro\/index.php\/2024\/09\/01\/proiectul-start-in-antreprenoriat-social-sprijin-pentru-dezvoltarea-afacerilor-sociale-in-romania\/"},"author":{"name":"adminadmsoc","@id":"https:\/\/startinantreprenoriatsocial.ro\/#\/schema\/person\/5b63a3070487f65cb0b75840b69f6954"},"headline":"Proiectul \u201eSTART \u00een Antreprenoriat Social\u201d &#8211; Sprijin pentru dezvoltarea afacerilor sociale \u00een Rom\u00e2nia","datePublished":"2024-09-01T00:04:14+00:00","dateModified":"2024-09-02T08:55:12+00:00","mainEntityOfPage":{"@id":"http:\/\/startinantreprenoriatsocial.ro\/index.php\/2024\/09\/01\/proiectul-start-in-antreprenoriat-social-sprijin-pentru-dezvoltarea-afacerilor-sociale-in-romania\/"},"wordCount":789,"commentCount":0,"publisher":{"@id":"https:\/\/startinantreprenoriatsocial.ro\/#organization"},"image":{"@id":"http:\/\/startinantreprenoriatsocial.ro\/index.php\/2024\/09\/01\/proiectul-start-in-antreprenoriat-social-sprijin-pentru-dezvoltarea-afacerilor-sociale-in-romania\/#primaryimage"},"thumbnailUrl":"http:\/\/startinantreprenoriatsocial.ro\/wp-content\/uploads\/2024\/08\/pexels-fauxels-3184292-scaled.jpg","keywords":["antreprenoriat","economie sociala","fonduri nerambursabile"],"articleSection":["Articole","Noutati"],"inLanguage":"ro-RO","potentialAction":[{"@type":"CommentAction","name":"Comment","target":["http:\/\/startinantreprenoriatsocial.ro\/index.php\/2024\/09\/01\/proiectul-start-in-antreprenoriat-social-sprijin-pentru-dezvoltarea-afacerilor-sociale-in-romania\/#respond"]}]},{"@type":"WebPage","@id":"http:\/\/startinantreprenoriatsocial.ro\/index.php\/2024\/09\/01\/proiectul-start-in-antreprenoriat-social-sprijin-pentru-dezvoltarea-afacerilor-sociale-in-romania\/","url":"http:\/\/startinantreprenoriatsocial.ro\/index.php\/2024\/09\/01\/proiectul-start-in-antreprenoriat-social-sprijin-pentru-dezvoltarea-afacerilor-sociale-in-romania\/","name":"Proiectul \u201eSTART \u00een Antreprenoriat Social\u201d - Sprijin pentru dezvoltarea afacerilor sociale \u00een Rom\u00e2nia - Proiect: Start \u00een Antreprenoriatul Social","isPartOf":{"@id":"https:\/\/startinantreprenoriatsocial.ro\/#website"},"primaryImageOfPage":{"@id":"http:\/\/startinantreprenoriatsocial.ro\/index.php\/2024\/09\/01\/proiectul-start-in-antreprenoriat-social-sprijin-pentru-dezvoltarea-afacerilor-sociale-in-romania\/#primaryimage"},"image":{"@id":"http:\/\/startinantreprenoriatsocial.ro\/index.php\/2024\/09\/01\/proiectul-start-in-antreprenoriat-social-sprijin-pentru-dezvoltarea-afacerilor-sociale-in-romania\/#primaryimage"},"thumbnailUrl":"http:\/\/startinantreprenoriatsocial.ro\/wp-content\/uploads\/2024\/08\/pexels-fauxels-3184292-scaled.jpg","datePublished":"2024-09-01T00:04:14+00:00","dateModified":"2024-09-02T08:55:12+00:00","description":"Proiectul \u201eSTART \u00een Antreprenoriat Social\u201d reprezint\u0103 o ini\u021biativ\u0103 important\u0103 pentru dezvoltarea antreprenoriatului social \u00een Rom\u00e2nia.","breadcrumb":{"@id":"http:\/\/startinantreprenoriatsocial.ro\/index.php\/2024\/09\/01\/proiectul-start-in-antreprenoriat-social-sprijin-pentru-dezvoltarea-afacerilor-sociale-in-romania\/#breadcrumb"},"inLanguage":"ro-RO","potentialAction":[{"@type":"ReadAction","target":["http:\/\/startinantreprenoriatsocial.ro\/index.php\/2024\/09\/01\/proiectul-start-in-antreprenoriat-social-sprijin-pentru-dezvoltarea-afacerilor-sociale-in-romania\/"]}]},{"@type":"ImageObject","inLanguage":"ro-RO","@id":"http:\/\/startinantreprenoriatsocial.ro\/index.php\/2024\/09\/01\/proiectul-start-in-antreprenoriat-social-sprijin-pentru-dezvoltarea-afacerilor-sociale-in-romania\/#primaryimage","url":"http:\/\/startinantreprenoriatsocial.ro\/wp-content\/uploads\/2024\/08\/pexels-fauxels-3184292-scaled.jpg","contentUrl":"http:\/\/startinantreprenoriatsocial.ro\/wp-content\/uploads\/2024\/08\/pexels-fauxels-3184292-scaled.jpg","width":2560,"height":1440},{"@type":"BreadcrumbList","@id":"http:\/\/startinantreprenoriatsocial.ro\/index.php\/2024\/09\/01\/proiectul-start-in-antreprenoriat-social-sprijin-pentru-dezvoltarea-afacerilor-sociale-in-romania\/#breadcrumb","itemListElement":[{"@type":"ListItem","position":1,"name":"Prima pagin\u0103","item":"https:\/\/startinantreprenoriatsocial.ro\/"},{"@type":"ListItem","position":2,"name":"Proiectul \u201eSTART \u00een Antreprenoriat Social\u201d &#8211; Sprijin pentru dezvoltarea afacerilor sociale \u00een Rom\u00e2nia"}]},{"@type":"WebSite","@id":"https:\/\/startinantreprenoriatsocial.ro\/#website","url":"https:\/\/startinantreprenoriatsocial.ro\/","name":"Proiect: Start \u00een Antreprenoriatul Social","description":"","publisher":{"@id":"https:\/\/startinantreprenoriatsocial.ro\/#organization"},"potentialAction":[{"@type":"SearchAction","target":{"@type":"EntryPoint","urlTemplate":"https:\/\/startinantreprenoriatsocial.ro\/?s={search_term_string}"},"query-input":"required name=search_term_string"}],"inLanguage":"ro-RO"},{"@type":"Organization","@id":"https:\/\/startinantreprenoriatsocial.ro\/#organization","name":"Proiect: Start \u00een Antreprenoriatul Social","url":"https:\/\/startinantreprenoriatsocial.ro\/","logo":{"@type":"ImageObject","inLanguage":"ro-RO","@id":"https:\/\/startinantreprenoriatsocial.ro\/#\/schema\/logo\/image\/","url":"https:\/\/startinantreprenoriatsocial.ro\/wp-content\/uploads\/2024\/08\/logostart.jpg","contentUrl":"https:\/\/startinantreprenoriatsocial.ro\/wp-content\/uploads\/2024\/08\/logostart.jpg","width":851,"height":851,"caption":"Proiect: Start \u00een Antreprenoriatul Social"},"image":{"@id":"https:\/\/startinantreprenoriatsocial.ro\/#\/schema\/logo\/image\/"},"sameAs":["https:\/\/www.facebook.com\/StartInAntreprenoriatulSocial","https:\/\/www.instagram.com\/startinantrepren\/","https:\/\/www.youtube.com\/@StartnAntreprenoriatulSocial","https:\/\/www.tiktok.com\/@startantreprenorsocial"]},{"@type":"Person","@id":"https:\/\/startinantreprenoriatsocial.ro\/#\/schema\/person\/5b63a3070487f65cb0b75840b69f6954","name":"adminadmsoc","image":{"@type":"ImageObject","inLanguage":"ro-RO","@id":"https:\/\/startinantreprenoriatsocial.ro\/#\/schema\/person\/image\/","url":"https:\/\/secure.gravatar.com\/avatar\/f25dfc09de9444805bf8a18cf61bba0bbd7aefa2155259ce52138dfc2090bab3?s=96&d=mm&r=g","contentUrl":"https:\/\/secure.gravatar.com\/avatar\/f25dfc09de9444805bf8a18cf61bba0bbd7aefa2155259ce52138dfc2090bab3?s=96&d=mm&r=g","caption":"adminadmsoc"},"sameAs":["http:\/\/startinantreprenoriatsocial.ro"],"url":"http:\/\/startinantreprenoriatsocial.ro\/index.php\/author\/adminadmsoc\/"}]}},"_links":{"self":[{"href":"http:\/\/startinantreprenoriatsocial.ro\/index.php\/wp-json\/wp\/v2\/posts\/82","targetHints":{"allow":["GET"]}}],"collection":[{"href":"http:\/\/startinantreprenoriatsocial.ro\/index.php\/wp-json\/wp\/v2\/posts"}],"about":[{"href":"http:\/\/startinantreprenoriatsocial.ro\/index.php\/wp-json\/wp\/v2\/types\/post"}],"author":[{"embeddable":true,"href":"http:\/\/startinantreprenoriatsocial.ro\/index.php\/wp-json\/wp\/v2\/users\/1"}],"replies":[{"embeddable":true,"href":"http:\/\/startinantreprenoriatsocial.ro\/index.php\/wp-json\/wp\/v2\/comments?post=82"}],"version-history":[{"count":1,"href":"http:\/\/startinantreprenoriatsocial.ro\/index.php\/wp-json\/wp\/v2\/posts\/82\/revisions"}],"predecessor-version":[{"id":84,"href":"http:\/\/startinantreprenoriatsocial.ro\/index.php\/wp-json\/wp\/v2\/posts\/82\/revisions\/84"}],"wp:featuredmedia":[{"embeddable":true,"href":"http:\/\/startinantreprenoriatsocial.ro\/index.php\/wp-json\/wp\/v2\/media\/83"}],"wp:attachment":[{"href":"http:\/\/startinantreprenoriatsocial.ro\/index.php\/wp-json\/wp\/v2\/media?parent=82"}],"wp:term":[{"taxonomy":"category","embeddable":true,"href":"http:\/\/startinantreprenoriatsocial.ro\/index.php\/wp-json\/wp\/v2\/categories?post=82"},{"taxonomy":"post_tag","embeddable":true,"href":"http:\/\/startinantreprenoriatsocial.ro\/index.php\/wp-json\/wp\/v2\/tags?post=82"}],"curies":[{"name":"wp","href":"https:\/\/api.w.org\/{rel}","templated":true}]}}