{"id":94,"date":"2024-09-11T13:54:43","date_gmt":"2024-09-11T13:54:43","guid":{"rendered":"https:\/\/startinantreprenoriatsocial.ro\/?p=94"},"modified":"2024-09-11T13:57:04","modified_gmt":"2024-09-11T13:57:04","slug":"cum-sa-faci-un-plan-de-afaceri-in-economie-sociala","status":"publish","type":"post","link":"http:\/\/startinantreprenoriatsocial.ro\/index.php\/2024\/09\/11\/cum-sa-faci-un-plan-de-afaceri-in-economie-sociala\/","title":{"rendered":"Cum s\u0103 faci un plan de afaceri \u00een economie social\u0103"},"content":{"rendered":"<p class=\"p1\">Un plan de afaceri bine structurat este esen\u021bial pentru succesul unei afaceri \u00een economia social\u0103. Acest tip de afacere, bazat\u0103 pe principii de solidaritate \u0219i responsabilitate social\u0103, necesit\u0103 o abordare strategic\u0103 pentru a asigura at\u00e2t impactul social dorit, c\u00e2t \u0219i viabilitatea economic\u0103. \u00cen cadrul proiectului &#8222;Start \u00cen Antreprenoriat Social&#8221;, participan\u021bii sunt \u00eendruma\u021bi s\u0103 elaboreze planuri de afaceri care s\u0103 reflecte valorile economiei sociale \u0219i s\u0103 contribuie la dezvoltarea comunit\u0103\u021bilor din care fac parte.<\/p>\n<h2 class=\"p1\"><!--more--><\/h2>\n<p>## Pasul 1: Definirea misiunii \u0219i viziunii<\/p>\n<p class=\"p1\">Primul pas \u00een elaborarea unui plan de afaceri \u00een economie social\u0103 este s\u0103 clarifici misiunea \u0219i viziunea afacerii tale. Ce problem\u0103 social\u0103 vrei s\u0103 rezolvi? Cum contribuie afacerea ta la binele comun? Aceste \u00eentreb\u0103ri trebuie s\u0103 aib\u0103 r\u0103spunsuri clare \u0219i bine definite \u00een planul t\u0103u. \u00cen cadrul <a href=\"https:\/\/startinantreprenoriatsocial.ro\/index.php\/inscriere-in-proiect\/\">proiectul Start \u00cen Antreprenoriat Social<\/a> , vei fi ghidat \u00een procesul de formulare a acestor elemente esen\u021biale.<\/p>\n<h2 class=\"p1\">## Pasul 2: Analiza pie\u021bei \u0219i a nevoilor sociale<\/h2>\n<p class=\"p1\">Este important s\u0103 identifici at\u00e2t pia\u021ba poten\u021bial\u0103, c\u00e2t \u0219i nevoile sociale pe care afacerea ta le va adresa. F\u0103 o analiz\u0103 atent\u0103 a competi\u021biei \u0219i a cererii existente pentru produsele sau serviciile tale, dar \u0219i a nevoilor comunit\u0103\u021bii pe care vrei s\u0103 o sprijini. \u00cen acest context, este util s\u0103 participi la <a href=\"https:\/\/startinantreprenoriatsocial.ro\/index.php\/inscriere-in-proiect\/\">proiectul Start \u00cen Antreprenoriat Social<\/a> , unde vei \u00eenv\u0103\u021ba cum s\u0103 realizezi o astfel de analiz\u0103 \u00eentr-un mod profesionist.<\/p>\n<h2 class=\"p1\">## Pasul 3: Stabilirea obiectivelor \u0219i a strategiilor<\/h2>\n<p class=\"p1\">Obiectivele tale ar trebui s\u0103 fie at\u00e2t financiare, c\u00e2t \u0219i sociale. \u00cen economia social\u0103, succesul nu se m\u0103soar\u0103 doar \u00een profituri, ci \u0219i \u00een impactul asupra comunit\u0103\u021bii. Planific\u0103 strategii clare pentru a atinge aceste obiective. \u00cen cadrul <a href=\"https:\/\/startinantreprenoriatsocial.ro\/index.php\/inscriere-in-proiect\/\">proiectul Start \u00cen Antreprenoriat Social<\/a> , vei primi sprijin \u00een definirea obiectivelor realiste \u0219i a strategiilor adecvate pentru a le atinge.<\/p>\n<h2 class=\"p1\">Pasul 4: Planificarea financiar\u0103<\/h2>\n<p class=\"p1\">Un alt aspect esen\u021bial al planului de afaceri este planificarea financiar\u0103. Aceasta include estim\u0103ri de costuri, surse de finan\u021bare \u0219i proiec\u021bii de venituri. \u00cen economia social\u0103, poate fi necesar s\u0103 atragi investi\u021bii sau fonduri care s\u0103 sus\u021bin\u0103 misiunea social\u0103 a afacerii tale. Pe parcursul <a href=\"https:\/\/startinantreprenoriatsocial.ro\/index.php\/inscriere-in-proiect\/\">proiectul Start \u00cen Antreprenoriat Social<\/a> , vei \u00eenv\u0103\u021ba cum s\u0103 \u00ee\u021bi planifici eficient resursele financiare pentru a asigura sustenabilitatea afacerii.<\/p>\n<h2 class=\"p1\">Pasul 5: Monitorizarea \u0219i evaluarea impactului social<\/h2>\n<p class=\"p1\">\u00cen afar\u0103 de obiectivele financiare, este important s\u0103 monitorizezi \u0219i s\u0103 evaluezi impactul social al afacerii tale. Creeaz\u0103 un plan prin care s\u0103 m\u0103sori periodic cum contribuie afacerea la rezolvarea problemelor sociale identificate. Acesta va fi un criteriu important \u00een evaluarea succesului unei afaceri \u00een economia social\u0103.<\/p>\n<p>\u00cen concluzie, elaborarea unui plan de afaceri \u00een economia social\u0103 este un proces complex care necesit\u0103 o abordare echilibrat\u0103 \u00eentre obiectivele financiare \u0219i cele sociale. Participarea la <a href=\"https:\/\/startinantreprenoriatsocial.ro\/index.php\/inscriere-in-proiect\/\">proiectul Start \u00cen Antreprenoriat Social<\/a> \u00ee\u021bi ofer\u0103 ocazia s\u0103 \u00eenve\u021bi pas cu pas cum s\u0103 \u00ee\u021bi dezvol\u021bi o afacere sustenabil\u0103 care s\u0103 aduc\u0103 beneficii comunit\u0103\u021bii tale \u0219i s\u0103 contribuie la o economie mai echitabil\u0103.<\/p>\n<p>Photo by Suzy Hazelwood: https:\/\/www.pexels.com\/photo\/notebook-1226398\/<\/p>\n","protected":false},"excerpt":{"rendered":"<p>Un plan de afaceri bine structurat este esen\u021bial pentru succesul unei afaceri \u00een economia social\u0103. Acest tip de afacere, bazat\u0103 pe principii de solidaritate \u0219i responsabilitate social\u0103, necesit\u0103 o abordare strategic\u0103 pentru a asigura at\u00e2t impactul social dorit, c\u00e2t \u0219i viabilitatea economic\u0103. \u00cen cadrul proiectului &#8222;Start \u00cen Antreprenoriat Social&#8221;, participan\u021bii sunt \u00eendruma\u021bi s\u0103 elaboreze planuri &hellip; <\/p>\n","protected":false},"author":1,"featured_media":96,"comment_status":"open","ping_status":"open","sticky":false,"template":"","format":"standard","meta":{"footnotes":""},"categories":[5],"tags":[8,11,10],"class_list":["post-94","post","type-post","status-publish","format-standard","has-post-thumbnail","hentry","category-articole","tag-economie-sociala","tag-fonduri-europene-nerambursabile","tag-plan-de-afaceri","grid-sizer"],"yoast_head":"<!-- This site is optimized with the Yoast SEO plugin v23.3 - https:\/\/yoast.com\/wordpress\/plugins\/seo\/ -->\n<title>Cum s\u0103 faci un plan de afaceri \u00een economie social\u0103 - Proiect: Start \u00een Antreprenoriatul Social<\/title>\n<meta name=\"description\" content=\"Afl\u0103 de aici cum s\u0103 faci un plan de afaceri pentru business-ul t\u0103u \u00een economia social\u0103 pe fonduri europene nerambursabile\" \/>\n<meta name=\"robots\" content=\"index, follow, max-snippet:-1, max-image-preview:large, max-video-preview:-1\" \/>\n<link rel=\"canonical\" href=\"https:\/\/startinantreprenoriatsocial.ro\/index.php\/2024\/09\/11\/cum-sa-faci-un-plan-de-afaceri-in-economie-sociala\/\" \/>\n<meta property=\"og:locale\" content=\"ro_RO\" \/>\n<meta property=\"og:type\" content=\"article\" \/>\n<meta property=\"og:title\" content=\"Cum s\u0103 faci un plan de afaceri \u00een economie social\u0103 - Proiect: Start \u00een Antreprenoriatul Social\" \/>\n<meta property=\"og:description\" content=\"Afl\u0103 de aici cum s\u0103 faci un plan de afaceri pentru business-ul t\u0103u \u00een economia social\u0103 pe fonduri europene nerambursabile\" \/>\n<meta property=\"og:url\" content=\"https:\/\/startinantreprenoriatsocial.ro\/index.php\/2024\/09\/11\/cum-sa-faci-un-plan-de-afaceri-in-economie-sociala\/\" \/>\n<meta property=\"og:site_name\" content=\"Proiect: Start \u00een Antreprenoriatul Social\" \/>\n<meta property=\"article:publisher\" content=\"https:\/\/www.facebook.com\/StartInAntreprenoriatulSocial\" \/>\n<meta property=\"article:published_time\" content=\"2024-09-11T13:54:43+00:00\" \/>\n<meta property=\"article:modified_time\" content=\"2024-09-11T13:57:04+00:00\" \/>\n<meta property=\"og:image\" content=\"https:\/\/startinantreprenoriatsocial.ro\/wp-content\/uploads\/2024\/09\/pexels-suzyhazelwood-1226398-scaled.jpg\" \/>\n\t<meta property=\"og:image:width\" content=\"2560\" \/>\n\t<meta property=\"og:image:height\" content=\"1440\" \/>\n\t<meta property=\"og:image:type\" content=\"image\/jpeg\" \/>\n<meta name=\"author\" content=\"adminadmsoc\" \/>\n<meta name=\"twitter:card\" content=\"summary_large_image\" \/>\n<meta name=\"twitter:label1\" content=\"Scris de\" \/>\n\t<meta name=\"twitter:data1\" content=\"adminadmsoc\" \/>\n\t<meta name=\"twitter:label2\" content=\"Timp estimat pentru citire\" \/>\n\t<meta name=\"twitter:data2\" content=\"3 minute\" \/>\n<script type=\"application\/ld+json\" class=\"yoast-schema-graph\">{\"@context\":\"https:\/\/schema.org\",\"@graph\":[{\"@type\":\"Article\",\"@id\":\"https:\/\/startinantreprenoriatsocial.ro\/index.php\/2024\/09\/11\/cum-sa-faci-un-plan-de-afaceri-in-economie-sociala\/#article\",\"isPartOf\":{\"@id\":\"https:\/\/startinantreprenoriatsocial.ro\/index.php\/2024\/09\/11\/cum-sa-faci-un-plan-de-afaceri-in-economie-sociala\/\"},\"author\":{\"name\":\"adminadmsoc\",\"@id\":\"https:\/\/startinantreprenoriatsocial.ro\/#\/schema\/person\/5b63a3070487f65cb0b75840b69f6954\"},\"headline\":\"Cum s\u0103 faci un plan de afaceri \u00een economie social\u0103\",\"datePublished\":\"2024-09-11T13:54:43+00:00\",\"dateModified\":\"2024-09-11T13:57:04+00:00\",\"mainEntityOfPage\":{\"@id\":\"https:\/\/startinantreprenoriatsocial.ro\/index.php\/2024\/09\/11\/cum-sa-faci-un-plan-de-afaceri-in-economie-sociala\/\"},\"wordCount\":514,\"commentCount\":0,\"publisher\":{\"@id\":\"https:\/\/startinantreprenoriatsocial.ro\/#organization\"},\"image\":{\"@id\":\"https:\/\/startinantreprenoriatsocial.ro\/index.php\/2024\/09\/11\/cum-sa-faci-un-plan-de-afaceri-in-economie-sociala\/#primaryimage\"},\"thumbnailUrl\":\"http:\/\/startinantreprenoriatsocial.ro\/wp-content\/uploads\/2024\/09\/pexels-suzyhazelwood-1226398-scaled.jpg\",\"keywords\":[\"economie sociala\",\"fonduri europene nerambursabile\",\"plan de afaceri\"],\"articleSection\":[\"Articole\"],\"inLanguage\":\"ro-RO\",\"potentialAction\":[{\"@type\":\"CommentAction\",\"name\":\"Comment\",\"target\":[\"https:\/\/startinantreprenoriatsocial.ro\/index.php\/2024\/09\/11\/cum-sa-faci-un-plan-de-afaceri-in-economie-sociala\/#respond\"]}]},{\"@type\":\"WebPage\",\"@id\":\"https:\/\/startinantreprenoriatsocial.ro\/index.php\/2024\/09\/11\/cum-sa-faci-un-plan-de-afaceri-in-economie-sociala\/\",\"url\":\"https:\/\/startinantreprenoriatsocial.ro\/index.php\/2024\/09\/11\/cum-sa-faci-un-plan-de-afaceri-in-economie-sociala\/\",\"name\":\"Cum s\u0103 faci un plan de afaceri \u00een economie social\u0103 - Proiect: Start \u00een Antreprenoriatul Social\",\"isPartOf\":{\"@id\":\"https:\/\/startinantreprenoriatsocial.ro\/#website\"},\"primaryImageOfPage\":{\"@id\":\"https:\/\/startinantreprenoriatsocial.ro\/index.php\/2024\/09\/11\/cum-sa-faci-un-plan-de-afaceri-in-economie-sociala\/#primaryimage\"},\"image\":{\"@id\":\"https:\/\/startinantreprenoriatsocial.ro\/index.php\/2024\/09\/11\/cum-sa-faci-un-plan-de-afaceri-in-economie-sociala\/#primaryimage\"},\"thumbnailUrl\":\"http:\/\/startinantreprenoriatsocial.ro\/wp-content\/uploads\/2024\/09\/pexels-suzyhazelwood-1226398-scaled.jpg\",\"datePublished\":\"2024-09-11T13:54:43+00:00\",\"dateModified\":\"2024-09-11T13:57:04+00:00\",\"description\":\"Afl\u0103 de aici cum s\u0103 faci un plan de afaceri pentru business-ul t\u0103u \u00een economia social\u0103 pe fonduri europene nerambursabile\",\"breadcrumb\":{\"@id\":\"https:\/\/startinantreprenoriatsocial.ro\/index.php\/2024\/09\/11\/cum-sa-faci-un-plan-de-afaceri-in-economie-sociala\/#breadcrumb\"},\"inLanguage\":\"ro-RO\",\"potentialAction\":[{\"@type\":\"ReadAction\",\"target\":[\"https:\/\/startinantreprenoriatsocial.ro\/index.php\/2024\/09\/11\/cum-sa-faci-un-plan-de-afaceri-in-economie-sociala\/\"]}]},{\"@type\":\"ImageObject\",\"inLanguage\":\"ro-RO\",\"@id\":\"https:\/\/startinantreprenoriatsocial.ro\/index.php\/2024\/09\/11\/cum-sa-faci-un-plan-de-afaceri-in-economie-sociala\/#primaryimage\",\"url\":\"http:\/\/startinantreprenoriatsocial.ro\/wp-content\/uploads\/2024\/09\/pexels-suzyhazelwood-1226398-scaled.jpg\",\"contentUrl\":\"http:\/\/startinantreprenoriatsocial.ro\/wp-content\/uploads\/2024\/09\/pexels-suzyhazelwood-1226398-scaled.jpg\",\"width\":2560,\"height\":1440},{\"@type\":\"BreadcrumbList\",\"@id\":\"https:\/\/startinantreprenoriatsocial.ro\/index.php\/2024\/09\/11\/cum-sa-faci-un-plan-de-afaceri-in-economie-sociala\/#breadcrumb\",\"itemListElement\":[{\"@type\":\"ListItem\",\"position\":1,\"name\":\"Prima pagin\u0103\",\"item\":\"https:\/\/startinantreprenoriatsocial.ro\/\"},{\"@type\":\"ListItem\",\"position\":2,\"name\":\"Cum s\u0103 faci un plan de afaceri \u00een economie social\u0103\"}]},{\"@type\":\"WebSite\",\"@id\":\"https:\/\/startinantreprenoriatsocial.ro\/#website\",\"url\":\"https:\/\/startinantreprenoriatsocial.ro\/\",\"name\":\"Proiect: Start \u00een Antreprenoriatul Social\",\"description\":\"\",\"publisher\":{\"@id\":\"https:\/\/startinantreprenoriatsocial.ro\/#organization\"},\"potentialAction\":[{\"@type\":\"SearchAction\",\"target\":{\"@type\":\"EntryPoint\",\"urlTemplate\":\"https:\/\/startinantreprenoriatsocial.ro\/?s={search_term_string}\"},\"query-input\":\"required name=search_term_string\"}],\"inLanguage\":\"ro-RO\"},{\"@type\":\"Organization\",\"@id\":\"https:\/\/startinantreprenoriatsocial.ro\/#organization\",\"name\":\"Proiect: Start \u00een Antreprenoriatul Social\",\"url\":\"https:\/\/startinantreprenoriatsocial.ro\/\",\"logo\":{\"@type\":\"ImageObject\",\"inLanguage\":\"ro-RO\",\"@id\":\"https:\/\/startinantreprenoriatsocial.ro\/#\/schema\/logo\/image\/\",\"url\":\"https:\/\/startinantreprenoriatsocial.ro\/wp-content\/uploads\/2024\/08\/logostart.jpg\",\"contentUrl\":\"https:\/\/startinantreprenoriatsocial.ro\/wp-content\/uploads\/2024\/08\/logostart.jpg\",\"width\":851,\"height\":851,\"caption\":\"Proiect: Start \u00een Antreprenoriatul Social\"},\"image\":{\"@id\":\"https:\/\/startinantreprenoriatsocial.ro\/#\/schema\/logo\/image\/\"},\"sameAs\":[\"https:\/\/www.facebook.com\/StartInAntreprenoriatulSocial\",\"https:\/\/www.instagram.com\/startinantrepren\/\",\"https:\/\/www.youtube.com\/@StartnAntreprenoriatulSocial\",\"https:\/\/www.tiktok.com\/@startantreprenorsocial\"]},{\"@type\":\"Person\",\"@id\":\"https:\/\/startinantreprenoriatsocial.ro\/#\/schema\/person\/5b63a3070487f65cb0b75840b69f6954\",\"name\":\"adminadmsoc\",\"image\":{\"@type\":\"ImageObject\",\"inLanguage\":\"ro-RO\",\"@id\":\"https:\/\/startinantreprenoriatsocial.ro\/#\/schema\/person\/image\/\",\"url\":\"https:\/\/secure.gravatar.com\/avatar\/f25dfc09de9444805bf8a18cf61bba0bbd7aefa2155259ce52138dfc2090bab3?s=96&d=mm&r=g\",\"contentUrl\":\"https:\/\/secure.gravatar.com\/avatar\/f25dfc09de9444805bf8a18cf61bba0bbd7aefa2155259ce52138dfc2090bab3?s=96&d=mm&r=g\",\"caption\":\"adminadmsoc\"},\"sameAs\":[\"http:\/\/startinantreprenoriatsocial.ro\"],\"url\":\"http:\/\/startinantreprenoriatsocial.ro\/index.php\/author\/adminadmsoc\/\"}]}<\/script>\n<!-- \/ Yoast SEO plugin. -->","yoast_head_json":{"title":"Cum s\u0103 faci un plan de afaceri \u00een economie social\u0103 - Proiect: Start \u00een Antreprenoriatul Social","description":"Afl\u0103 de aici cum s\u0103 faci un plan de afaceri pentru business-ul t\u0103u \u00een economia social\u0103 pe fonduri europene nerambursabile","robots":{"index":"index","follow":"follow","max-snippet":"max-snippet:-1","max-image-preview":"max-image-preview:large","max-video-preview":"max-video-preview:-1"},"canonical":"https:\/\/startinantreprenoriatsocial.ro\/index.php\/2024\/09\/11\/cum-sa-faci-un-plan-de-afaceri-in-economie-sociala\/","og_locale":"ro_RO","og_type":"article","og_title":"Cum s\u0103 faci un plan de afaceri \u00een economie social\u0103 - Proiect: Start \u00een Antreprenoriatul Social","og_description":"Afl\u0103 de aici cum s\u0103 faci un plan de afaceri pentru business-ul t\u0103u \u00een economia social\u0103 pe fonduri europene nerambursabile","og_url":"https:\/\/startinantreprenoriatsocial.ro\/index.php\/2024\/09\/11\/cum-sa-faci-un-plan-de-afaceri-in-economie-sociala\/","og_site_name":"Proiect: Start \u00een Antreprenoriatul Social","article_publisher":"https:\/\/www.facebook.com\/StartInAntreprenoriatulSocial","article_published_time":"2024-09-11T13:54:43+00:00","article_modified_time":"2024-09-11T13:57:04+00:00","og_image":[{"width":2560,"height":1440,"url":"https:\/\/startinantreprenoriatsocial.ro\/wp-content\/uploads\/2024\/09\/pexels-suzyhazelwood-1226398-scaled.jpg","type":"image\/jpeg"}],"author":"adminadmsoc","twitter_card":"summary_large_image","twitter_misc":{"Scris de":"adminadmsoc","Timp estimat pentru citire":"3 minute"},"schema":{"@context":"https:\/\/schema.org","@graph":[{"@type":"Article","@id":"https:\/\/startinantreprenoriatsocial.ro\/index.php\/2024\/09\/11\/cum-sa-faci-un-plan-de-afaceri-in-economie-sociala\/#article","isPartOf":{"@id":"https:\/\/startinantreprenoriatsocial.ro\/index.php\/2024\/09\/11\/cum-sa-faci-un-plan-de-afaceri-in-economie-sociala\/"},"author":{"name":"adminadmsoc","@id":"https:\/\/startinantreprenoriatsocial.ro\/#\/schema\/person\/5b63a3070487f65cb0b75840b69f6954"},"headline":"Cum s\u0103 faci un plan de afaceri \u00een economie social\u0103","datePublished":"2024-09-11T13:54:43+00:00","dateModified":"2024-09-11T13:57:04+00:00","mainEntityOfPage":{"@id":"https:\/\/startinantreprenoriatsocial.ro\/index.php\/2024\/09\/11\/cum-sa-faci-un-plan-de-afaceri-in-economie-sociala\/"},"wordCount":514,"commentCount":0,"publisher":{"@id":"https:\/\/startinantreprenoriatsocial.ro\/#organization"},"image":{"@id":"https:\/\/startinantreprenoriatsocial.ro\/index.php\/2024\/09\/11\/cum-sa-faci-un-plan-de-afaceri-in-economie-sociala\/#primaryimage"},"thumbnailUrl":"http:\/\/startinantreprenoriatsocial.ro\/wp-content\/uploads\/2024\/09\/pexels-suzyhazelwood-1226398-scaled.jpg","keywords":["economie sociala","fonduri europene nerambursabile","plan de afaceri"],"articleSection":["Articole"],"inLanguage":"ro-RO","potentialAction":[{"@type":"CommentAction","name":"Comment","target":["https:\/\/startinantreprenoriatsocial.ro\/index.php\/2024\/09\/11\/cum-sa-faci-un-plan-de-afaceri-in-economie-sociala\/#respond"]}]},{"@type":"WebPage","@id":"https:\/\/startinantreprenoriatsocial.ro\/index.php\/2024\/09\/11\/cum-sa-faci-un-plan-de-afaceri-in-economie-sociala\/","url":"https:\/\/startinantreprenoriatsocial.ro\/index.php\/2024\/09\/11\/cum-sa-faci-un-plan-de-afaceri-in-economie-sociala\/","name":"Cum s\u0103 faci un plan de afaceri \u00een economie social\u0103 - Proiect: Start \u00een Antreprenoriatul Social","isPartOf":{"@id":"https:\/\/startinantreprenoriatsocial.ro\/#website"},"primaryImageOfPage":{"@id":"https:\/\/startinantreprenoriatsocial.ro\/index.php\/2024\/09\/11\/cum-sa-faci-un-plan-de-afaceri-in-economie-sociala\/#primaryimage"},"image":{"@id":"https:\/\/startinantreprenoriatsocial.ro\/index.php\/2024\/09\/11\/cum-sa-faci-un-plan-de-afaceri-in-economie-sociala\/#primaryimage"},"thumbnailUrl":"http:\/\/startinantreprenoriatsocial.ro\/wp-content\/uploads\/2024\/09\/pexels-suzyhazelwood-1226398-scaled.jpg","datePublished":"2024-09-11T13:54:43+00:00","dateModified":"2024-09-11T13:57:04+00:00","description":"Afl\u0103 de aici cum s\u0103 faci un plan de afaceri pentru business-ul t\u0103u \u00een economia social\u0103 pe fonduri europene nerambursabile","breadcrumb":{"@id":"https:\/\/startinantreprenoriatsocial.ro\/index.php\/2024\/09\/11\/cum-sa-faci-un-plan-de-afaceri-in-economie-sociala\/#breadcrumb"},"inLanguage":"ro-RO","potentialAction":[{"@type":"ReadAction","target":["https:\/\/startinantreprenoriatsocial.ro\/index.php\/2024\/09\/11\/cum-sa-faci-un-plan-de-afaceri-in-economie-sociala\/"]}]},{"@type":"ImageObject","inLanguage":"ro-RO","@id":"https:\/\/startinantreprenoriatsocial.ro\/index.php\/2024\/09\/11\/cum-sa-faci-un-plan-de-afaceri-in-economie-sociala\/#primaryimage","url":"http:\/\/startinantreprenoriatsocial.ro\/wp-content\/uploads\/2024\/09\/pexels-suzyhazelwood-1226398-scaled.jpg","contentUrl":"http:\/\/startinantreprenoriatsocial.ro\/wp-content\/uploads\/2024\/09\/pexels-suzyhazelwood-1226398-scaled.jpg","width":2560,"height":1440},{"@type":"BreadcrumbList","@id":"https:\/\/startinantreprenoriatsocial.ro\/index.php\/2024\/09\/11\/cum-sa-faci-un-plan-de-afaceri-in-economie-sociala\/#breadcrumb","itemListElement":[{"@type":"ListItem","position":1,"name":"Prima pagin\u0103","item":"https:\/\/startinantreprenoriatsocial.ro\/"},{"@type":"ListItem","position":2,"name":"Cum s\u0103 faci un plan de afaceri \u00een economie social\u0103"}]},{"@type":"WebSite","@id":"https:\/\/startinantreprenoriatsocial.ro\/#website","url":"https:\/\/startinantreprenoriatsocial.ro\/","name":"Proiect: Start \u00een Antreprenoriatul Social","description":"","publisher":{"@id":"https:\/\/startinantreprenoriatsocial.ro\/#organization"},"potentialAction":[{"@type":"SearchAction","target":{"@type":"EntryPoint","urlTemplate":"https:\/\/startinantreprenoriatsocial.ro\/?s={search_term_string}"},"query-input":"required name=search_term_string"}],"inLanguage":"ro-RO"},{"@type":"Organization","@id":"https:\/\/startinantreprenoriatsocial.ro\/#organization","name":"Proiect: Start \u00een Antreprenoriatul Social","url":"https:\/\/startinantreprenoriatsocial.ro\/","logo":{"@type":"ImageObject","inLanguage":"ro-RO","@id":"https:\/\/startinantreprenoriatsocial.ro\/#\/schema\/logo\/image\/","url":"https:\/\/startinantreprenoriatsocial.ro\/wp-content\/uploads\/2024\/08\/logostart.jpg","contentUrl":"https:\/\/startinantreprenoriatsocial.ro\/wp-content\/uploads\/2024\/08\/logostart.jpg","width":851,"height":851,"caption":"Proiect: Start \u00een Antreprenoriatul Social"},"image":{"@id":"https:\/\/startinantreprenoriatsocial.ro\/#\/schema\/logo\/image\/"},"sameAs":["https:\/\/www.facebook.com\/StartInAntreprenoriatulSocial","https:\/\/www.instagram.com\/startinantrepren\/","https:\/\/www.youtube.com\/@StartnAntreprenoriatulSocial","https:\/\/www.tiktok.com\/@startantreprenorsocial"]},{"@type":"Person","@id":"https:\/\/startinantreprenoriatsocial.ro\/#\/schema\/person\/5b63a3070487f65cb0b75840b69f6954","name":"adminadmsoc","image":{"@type":"ImageObject","inLanguage":"ro-RO","@id":"https:\/\/startinantreprenoriatsocial.ro\/#\/schema\/person\/image\/","url":"https:\/\/secure.gravatar.com\/avatar\/f25dfc09de9444805bf8a18cf61bba0bbd7aefa2155259ce52138dfc2090bab3?s=96&d=mm&r=g","contentUrl":"https:\/\/secure.gravatar.com\/avatar\/f25dfc09de9444805bf8a18cf61bba0bbd7aefa2155259ce52138dfc2090bab3?s=96&d=mm&r=g","caption":"adminadmsoc"},"sameAs":["http:\/\/startinantreprenoriatsocial.ro"],"url":"http:\/\/startinantreprenoriatsocial.ro\/index.php\/author\/adminadmsoc\/"}]}},"_links":{"self":[{"href":"http:\/\/startinantreprenoriatsocial.ro\/index.php\/wp-json\/wp\/v2\/posts\/94","targetHints":{"allow":["GET"]}}],"collection":[{"href":"http:\/\/startinantreprenoriatsocial.ro\/index.php\/wp-json\/wp\/v2\/posts"}],"about":[{"href":"http:\/\/startinantreprenoriatsocial.ro\/index.php\/wp-json\/wp\/v2\/types\/post"}],"author":[{"embeddable":true,"href":"http:\/\/startinantreprenoriatsocial.ro\/index.php\/wp-json\/wp\/v2\/users\/1"}],"replies":[{"embeddable":true,"href":"http:\/\/startinantreprenoriatsocial.ro\/index.php\/wp-json\/wp\/v2\/comments?post=94"}],"version-history":[{"count":3,"href":"http:\/\/startinantreprenoriatsocial.ro\/index.php\/wp-json\/wp\/v2\/posts\/94\/revisions"}],"predecessor-version":[{"id":98,"href":"http:\/\/startinantreprenoriatsocial.ro\/index.php\/wp-json\/wp\/v2\/posts\/94\/revisions\/98"}],"wp:featuredmedia":[{"embeddable":true,"href":"http:\/\/startinantreprenoriatsocial.ro\/index.php\/wp-json\/wp\/v2\/media\/96"}],"wp:attachment":[{"href":"http:\/\/startinantreprenoriatsocial.ro\/index.php\/wp-json\/wp\/v2\/media?parent=94"}],"wp:term":[{"taxonomy":"category","embeddable":true,"href":"http:\/\/startinantreprenoriatsocial.ro\/index.php\/wp-json\/wp\/v2\/categories?post=94"},{"taxonomy":"post_tag","embeddable":true,"href":"http:\/\/startinantreprenoriatsocial.ro\/index.php\/wp-json\/wp\/v2\/tags?post=94"}],"curies":[{"name":"wp","href":"https:\/\/api.w.org\/{rel}","templated":true}]}}